{"id":1917,"date":"2026-02-28T02:13:02","date_gmt":"2026-02-28T05:13:02","guid":{"rendered":"https:\/\/www.institutobach.com.ar\/cursos\/?p=1917"},"modified":"2026-06-10T16:30:13","modified_gmt":"2026-06-10T19:30:13","slug":"bach-obra-completa-u-obras-completas","status":"publish","type":"post","link":"https:\/\/www.institutobach.com.ar\/cursos\/notas\/bach-obra-completa-u-obras-completas\/","title":{"rendered":"Bach \u2013 \u00bfobra completa u obras completas?"},"content":{"rendered":"\n<p class=\"has-text-align-center\"><strong>LOS ESCRITOS DEL INSTITUTO<br>Notas para Terapeutas Formadoras<\/strong><\/p>\n\n\n\n<hr class=\"wp-block-separator has-alpha-channel-opacity\"\/>\n\n\n\n<p>En el estudio y la ense\u00f1anza del sistema floral desarrollado por Edward Bach suele aparecer una duda terminol\u00f3gica que, si no se aclara, puede generar confusi\u00f3n: \u00bfes lo mismo hablar de \u201cobra completa\u201d que de \u201cobras completas\u201d?<\/p>\n\n\n\n<p>Aunque en el uso cotidiano ambas expresiones se emplean como sin\u00f3nimos, no significan exactamente lo mismo.<\/p>\n\n\n\n<p><strong>\u201cObra completa\u201d<\/strong> puede entenderse como la formulaci\u00f3n final, ya \u00edntegra que un autor deja establecida como s\u00edntesis de su pensamiento.<br><strong>\u201cObras completas\u201d<\/strong>, en cambio, aluden al conjunto total de sus escritos a lo largo del tiempo, incluyendo textos tempranos, desarrollos intermedios, reformulaciones y materiales que posteriormente pudieron haber sido modificados o descartados.<\/p>\n\n\n\n<p>Nuestra posici\u00f3n desde el Instituto es aclarar esta diferencia al terapeuta floral, ya que en algunos casos puede dar lugar a interpretaciones mezcladas o a la incorporaci\u00f3n de conceptos que no pertenecen a la formulaci\u00f3n final integrada del sistema.<\/p>\n\n\n\n<hr class=\"wp-block-separator has-alpha-channel-opacity\"\/>\n\n\n\n<h3 class=\"wp-block-heading\">La obra final como marco de la pr\u00e1ctica floral<\/h3>\n\n\n\n<p>En 1936, Bach dej\u00f3 definida la clasificaci\u00f3n definitiva de las 38 esencias, as\u00ed como los principios de selecci\u00f3n e indicaci\u00f3n y la filosof\u00eda que sustenta su aplicaci\u00f3n. Esa s\u00edntesis representa el modo en que decidi\u00f3 transmitir su sistema tras un proceso de investigaci\u00f3n, simplificaci\u00f3n y depuraci\u00f3n progresiva.<\/p>\n\n\n\n<p>Como ocurre con todo investigador, su pensamiento atraves\u00f3 etapas de b\u00fasqueda y evoluci\u00f3n. Algunas ideas iniciales fueron reformuladas; otras, abandonadas. La versi\u00f3n final expresa aquello que \u00e9l consider\u00f3 esencial y suficiente para la pr\u00e1ctica terap\u00e9utica.<\/p>\n\n\n\n<p>Por esta raz\u00f3n, en nuestra formaci\u00f3n tomamos la <strong>formulaci\u00f3n finalizada del sistema<\/strong> como marco t\u00e9cnico y doctrinal para la pr\u00e1ctica cl\u00ednica floral. Entendemos que all\u00ed qued\u00f3 definida la manera de aplicar los remedios florales con coherencia interna y fidelidad al planteo original.<\/p>\n\n\n\n<hr class=\"wp-block-separator has-alpha-channel-opacity\"\/>\n\n\n\n<h3 class=\"wp-block-heading\">Las obras completas y su valor hist\u00f3rico<\/h3>\n\n\n\n<p>Las ediciones que re\u00fanen la totalidad de sus escritos \u2014lo que habitualmente se denomina \u201cobras completas\u201d\u2014 poseen un indudable valor hist\u00f3rico y contextual. Permiten comprender:<\/p>\n\n\n\n<ul>\n<li>El proceso de b\u00fasqueda del autor.<\/li>\n\n\n\n<li>Las etapas intermedias de su pensamiento.<\/li>\n\n\n\n<li>Los cambios y simplificaciones que fue realizando.<\/li>\n\n\n\n<li>El contexto intelectual en el que desarroll\u00f3 su trabajo.<\/li>\n<\/ul>\n\n\n\n<p>Sin embargo, esos textos incluyen formulaciones que no siempre coinciden con la s\u00edntesis final. Mezclar indiscriminadamente etapas distintas puede generar marcos conceptuales superpuestos o incluso contradictorios.<\/p>\n\n\n\n<p>Por ejemplo, en escritos de 1930 Bach menciona plantas como <em>Cotyledon umbilicus<\/em> y un remedio identificado como <em>Cupressus<\/em>, con indicaciones que \u00e9l mismo describ\u00eda para ciertos estados emocionales. Sin embargo, ninguna de estas plantas aparece en la lista definitiva de 38 remedios que conforman el sistema floral finalizado en su \u2018obra completa\u2019. Esto ilustra que Bach <strong>experiment\u00f3 y descart\u00f3 ideas durante su investigaci\u00f3n<\/strong>, y que la formulaci\u00f3n final fue depurada de modo que las flores incluidas respondan al marco terap\u00e9utico que \u00e9l dej\u00f3 establecido.<\/p>\n\n\n\n<p>Por ello, consideramos que las obras completas pueden leerse como material de estudio hist\u00f3rico, anecd\u00f3tico o contextual, pero no como fundamento para reinterpretaciones que alteren la estructura del sistema tal como fue finalmente establecido por Bach.<\/p>\n\n\n\n<hr class=\"wp-block-separator has-alpha-channel-opacity\"\/>\n\n\n\n<h3 class=\"wp-block-heading\">Claridad para los terapeutas florales<\/h3>\n\n\n\n<p>Nuestro compromiso es ofrecer una ense\u00f1anza clara, precisa y coherente. Diferenciar entre la formulaci\u00f3n final del sistema y el conjunto hist\u00f3rico de escritos permite a los terapeutas:<\/p>\n\n\n\n<ul>\n<li>Practicar con un marco definido.<\/li>\n\n\n\n<li>Comprender la evoluci\u00f3n del pensamiento de Edward Bach.<\/li>\n\n\n\n<li>Evitar confusiones conceptuales.<\/li>\n\n\n\n<li>Mantener consistencia t\u00e9cnica en su labor cl\u00ednica.<\/li>\n<\/ul>\n\n\n\n<p>Esta misma claridad se expresa tambi\u00e9n en la elaboraci\u00f3n de los concentrados. En los primeros a\u00f1os de su investigaci\u00f3n, Bach trabaj\u00f3 con nosodes bacterianos y, posteriormente, las primeras flores que los reemplazaron fueron preparadas mediante procedimientos de dinamizaci\u00f3n homeop\u00e1tica. Sin embargo, en su formulaci\u00f3n final dej\u00f3 claramente establecidas otras indicaciones para la preparaci\u00f3n de los remedios florales seg\u00fan los m\u00e9todos que \u00e9l mismo defini\u00f3 en su etapa conclusiva.<\/p>\n\n\n\n<p>Del mismo modo que distinguimos entre etapas de pensamiento y s\u00edntesis final en el plano te\u00f3rico, sostenemos esa fidelidad en el plano pr\u00e1ctico: la ense\u00f1anza de la t\u00e9cnica terap\u00e9utica se acompa\u00f1a de precisi\u00f3n en el m\u00e9todo de elaboraci\u00f3n, siguiendo las indicaciones definitivas del autor y no necesariamente las formas hist\u00f3ricas iniciales que luego fueron superadas.<\/p>\n\n\n\n<p>Creemos que esta distinci\u00f3n no empobrece el estudio, al contrario, lo ordena, clarifica y lo hace profundo: la s\u00edntesis final (obra completa) orienta la pr\u00e1ctica; las obras completas enriquecen la comprensi\u00f3n hist\u00f3rica.<\/p>\n\n\n\n<p>No todo lo que un autor escribe tiene el mismo estatuto.<br>Una cosa es un texto pensado como formulaci\u00f3n sistem\u00e1tica; otra, una carta circunstancial no pensada para su publicaci\u00f3n como m\u00e9todo terap\u00e9utico. Esta \u00faltima puede tener un valor hist\u00f3rico.<\/p>\n\n\n\n<p>Reconocemos que existen desarrollos posteriores y reinterpretaciones; nuestra formaci\u00f3n y nuestra elaboraci\u00f3n de sus concentrados, sin embargo, se centra en la formulaci\u00f3n original dejada por Bach.<br><br><strong>OBRA COMPLETA:<\/strong><\/p>\n\n\n\n<h3 class=\"wp-block-heading\">1. El uso editorial tradicional<\/h3>\n\n\n\n<p>En el mundo editorial, &#8220;Obras completas&#8221; es una expresi\u00f3n convencional que no implica necesariamente m\u00faltiples obras independientes.<\/p>\n\n\n\n<p>Se utiliza para:<\/p>\n\n\n\n<ul>\n<li>novelistas,<\/li>\n\n\n\n<li>fil\u00f3sofos,<\/li>\n\n\n\n<li>cient\u00edficos,<\/li>\n\n\n\n<li>ensayistas,<\/li>\n\n\n\n<li>poetas.<\/li>\n<\/ul>\n\n\n\n<p>Por ejemplo, se publican las &#8220;Obras completas&#8221; de un matem\u00e1tico o de un f\u00edsico aunque todos sus textos giren alrededor de una misma l\u00ednea de investigaci\u00f3n.<\/p>\n\n\n\n<p>Desde este punto de vista, nadie estar\u00eda cometiendo un error al llamar &#8220;Obras completas&#8221; a la recopilaci\u00f3n de todos los escritos de Bach.<\/p>\n\n\n\n<p>Es simplemente una categor\u00eda editorial.<\/p>\n\n\n\n<h3 class=\"wp-block-heading\">2. El problema epistemol\u00f3gico<\/h3>\n\n\n\n<p>Aqu\u00ed aparece un agumento, que es m\u00e1s profundo.<\/p>\n\n\n\n<p>Bach no era un literato produciendo obras aut\u00f3nomas.<\/p>\n\n\n\n<p>No escribi\u00f3:<\/p>\n\n\n\n<ul>\n<li>una novela,<\/li>\n\n\n\n<li>luego otra novela,<\/li>\n\n\n\n<li>luego un ensayo independiente.<\/li>\n<\/ul>\n\n\n\n<p>Lo que hizo fue desarrollar progresivamente una \u00fanica investigaci\u00f3n.<\/p>\n\n\n\n<p>Sus escritos pueden verse como:<\/p>\n\n\n\n<ul>\n<li>etapas,<\/li>\n\n\n\n<li>borradores conceptuales,<\/li>\n\n\n\n<li>reformulaciones,<\/li>\n\n\n\n<li>correcciones,<\/li>\n\n\n\n<li>simplificaciones,<\/li>\n<\/ul>\n\n\n\n<p>de un mismo proyecto intelectual.<\/p>\n\n\n\n<p>Desde esta perspectiva, podr\u00eda sostenerse que:<\/p>\n\n\n\n<blockquote class=\"wp-block-quote\">\n<p>Bach no dej\u00f3 varias obras; dej\u00f3 una \u00fanica obra en construcci\u00f3n que atraves\u00f3 distintas fases hasta alcanzar su formulaci\u00f3n definitiva.<\/p>\n<\/blockquote>\n\n\n\n<p>En ese sentido, &#8220;Obra completa&#8221; adquiere un significado muy preciso:<\/p>\n\n\n\n<p>No significa &#8220;todos los escritos de Bach&#8221;.<\/p>\n\n\n\n<p>Significa:<\/p>\n\n\n\n<blockquote class=\"wp-block-quote\">\n<p>la obra ya completada.<\/p>\n<\/blockquote>\n\n\n\n<p>Es decir, el sistema terminado.<\/p>\n\n\n\n<h3 class=\"wp-block-heading\">3. La fuerza ret\u00f3rica del singular<\/h3>\n\n\n\n<p><br>Cuando alguien escucha:<\/p>\n\n\n\n<blockquote class=\"wp-block-quote\">\n<p>&#8220;Obras completas de Bach&#8221;<\/p>\n<\/blockquote>\n\n\n\n<p>tiende a pensar que todos los textos poseen un estatus equivalente.<\/p>\n\n\n\n<p>En cambio:<\/p>\n\n\n\n<blockquote class=\"wp-block-quote\">\n<p>&#8220;La Obra completa de Bach&#8221;<\/p>\n<\/blockquote>\n\n\n\n<p>sugiere algo distinto:<\/p>\n\n\n\n<ul>\n<li>un proceso;<\/li>\n\n\n\n<li>una culminaci\u00f3n;<\/li>\n\n\n\n<li>una s\u00edntesis final.<\/li>\n<\/ul>\n\n\n\n<p>El singular introduce impl\u00edcitamente una jerarqu\u00eda.<\/p>\n\n\n\n<p>Y esa jerarqu\u00eda coincide con:<\/p>\n\n\n\n<ul>\n<li>los escritos previos tienen valor hist\u00f3rico;<\/li>\n\n\n\n<li>la formulaci\u00f3n final tiene valor doctrinal y cl\u00ednico metodol\u00f3gico.<\/li>\n<\/ul>\n\n\n\n<p>Por eso el singular no es solamente una cuesti\u00f3n gramatical.<\/p>\n\n\n\n<blockquote class=\"wp-block-quote\">\n<p>No sostenemos que la expresi\u00f3n editorial &#8220;Obras completas&#8221; sea incorrecta. Sostenemos que, para comprender adecuadamente el legado de Bach, resulta m\u00e1s esclarecedor hablar de una &#8220;Obra completa&#8221; en singular, entendida como la formulaci\u00f3n final e integrada de un \u00fanico proyecto de investigaci\u00f3n que atraves\u00f3 diversas etapas hasta alcanzar su s\u00edntesis definitiva.<\/p>\n<\/blockquote>\n\n\n\n<p><strong>\u00bfDeben tener el mismo peso interpretativo los escritos preparatorios y la s\u00edntesis final?<\/strong><\/p>\n\n\n\n<p>Existe una paradoja frecuente en el discurso de algunas corrientes contempor\u00e1neas. Se presenta la formulaci\u00f3n final de Bach como una visi\u00f3n &#8216;antigua&#8217; que necesitar\u00eda ser ampliada o actualizada, mientras que las reinterpretaciones propuestas se construyen a partir de materiales redactados varios a\u00f1os antes de la s\u00edntesis definitiva de 1936. Desde un punto de vista estrictamente hist\u00f3rico, el Bach de 1936 es m\u00e1s reciente que los textos utilizados para fundamentar muchas de esas reinterpretaciones.<\/p>\n\n\n\n<p>En consecuencia, el criterio que aplicamos para interpretar la ense\u00f1anza de Bach es el mismo que aplicamos para la elaboraci\u00f3n de los concentrados florales. Si entendemos que la s\u00edntesis final de su trabajo expresa aquello que \u00e9l consider\u00f3 definitivo para la pr\u00e1ctica terap\u00e9utica, resulta razonable tomar tambi\u00e9n como referencia sus indicaciones finales respecto de la preparaci\u00f3n de los remedios.<\/p>\n\n\n\n<p>Del mismo modo que no consideramos necesario volver a incorporar plantas, conceptos o procedimientos que pertenecieron a etapas previas de investigaci\u00f3n y luego fueron abandonados, tampoco entendemos que las formas iniciales de elaboraci\u00f3n deban prevalecer sobre las que Bach dej\u00f3 establecidas al concluir su obra. Las etapas tempranas conservan un indudable inter\u00e9s hist\u00f3rico, pero la pr\u00e1ctica requiere un marco claro y consistente.<\/p>\n\n\n\n<p>Por ello, nuestros concentrados se elaboran siguiendo los m\u00e9todos que Bach describi\u00f3 para su sistema ya finalizado. No se trata de una adhesi\u00f3n dogm\u00e1tica a la tradici\u00f3n, sino de una elecci\u00f3n de fidelidad metodol\u00f3gica: procurar que tanto la ense\u00f1anza como la elaboraci\u00f3n reflejen, en la mayor medida posible, la forma en que el propio autor decidi\u00f3 presentar y transmitir su obra una vez concluida.<\/p>\n\n\n<div class=\"wp-block-image\">\n<figure class=\"aligncenter size-large\"><a href=\"https:\/\/www.institutobach.com.ar\/escritos\/completa-o-completas.pdf\" target=\"_blank\" rel=\"noreferrer noopener\"><img decoding=\"async\" src=\"https:\/\/www.institutobach.com.ar\/images\/pdf.png\" alt=\"\"\/><\/a><\/figure><\/div>","protected":false},"excerpt":{"rendered":"<p>LOS ESCRITOS DEL INSTITUTONotas para Terapeutas Formadoras En el estudio y la ense\u00f1anza del sistema floral desarrollado por Edward Bach suele aparecer una duda terminol\u00f3gica que, si no se aclara, puede generar confusi\u00f3n: \u00bfes lo mismo hablar de \u201cobra completa\u201d que de \u201cobras completas\u201d? Aunque en el uso cotidiano ambas expresiones se emplean como sin\u00f3nimos, [&hellip;]<\/p>\n","protected":false},"author":2,"featured_media":0,"comment_status":"closed","ping_status":"open","sticky":false,"template":"","format":"standard","meta":{"footnotes":""},"categories":[22,24,197,199,16,198],"tags":[],"_links":{"self":[{"href":"https:\/\/www.institutobach.com.ar\/cursos\/wp-json\/wp\/v2\/posts\/1917"}],"collection":[{"href":"https:\/\/www.institutobach.com.ar\/cursos\/wp-json\/wp\/v2\/posts"}],"about":[{"href":"https:\/\/www.institutobach.com.ar\/cursos\/wp-json\/wp\/v2\/types\/post"}],"author":[{"embeddable":true,"href":"https:\/\/www.institutobach.com.ar\/cursos\/wp-json\/wp\/v2\/users\/2"}],"replies":[{"embeddable":true,"href":"https:\/\/www.institutobach.com.ar\/cursos\/wp-json\/wp\/v2\/comments?post=1917"}],"version-history":[{"count":5,"href":"https:\/\/www.institutobach.com.ar\/cursos\/wp-json\/wp\/v2\/posts\/1917\/revisions"}],"predecessor-version":[{"id":1961,"href":"https:\/\/www.institutobach.com.ar\/cursos\/wp-json\/wp\/v2\/posts\/1917\/revisions\/1961"}],"wp:attachment":[{"href":"https:\/\/www.institutobach.com.ar\/cursos\/wp-json\/wp\/v2\/media?parent=1917"}],"wp:term":[{"taxonomy":"category","embeddable":true,"href":"https:\/\/www.institutobach.com.ar\/cursos\/wp-json\/wp\/v2\/categories?post=1917"},{"taxonomy":"post_tag","embeddable":true,"href":"https:\/\/www.institutobach.com.ar\/cursos\/wp-json\/wp\/v2\/tags?post=1917"}],"curies":[{"name":"wp","href":"https:\/\/api.w.org\/{rel}","templated":true}]}}