{"id":1912,"date":"2026-02-23T16:47:02","date_gmt":"2026-02-23T19:47:02","guid":{"rendered":"https:\/\/www.institutobach.com.ar\/cursos\/?p=1912"},"modified":"2026-02-23T16:47:02","modified_gmt":"2026-02-23T19:47:02","slug":"las-indicaciones-de-las-flores-de-bach","status":"publish","type":"post","link":"https:\/\/www.institutobach.com.ar\/cursos\/flores-de-bach\/las-indicaciones-de-las-flores-de-bach\/","title":{"rendered":"Las indicaciones de las Flores de Bach"},"content":{"rendered":"\n<p><strong>Seg\u00fan la obra depurada y completada por el Dr. Edward Bach<\/strong><\/p>\n\n\n\n<p>Este texto est\u00e1 dirigido a terapeutas florales y hol\u00edsticos que deseen profundizar en la indicaci\u00f3n de las 38 Flores de la manera en que fueron dejadas por escrito por el propio Dr. Edward Bach en la edici\u00f3n final de <em>Los 12 Curadores y otros remedios \u2013 Los remedios y las razones para dar cada uno &#8211;<\/em>, es decir, en la forma en que \u00e9l quiso que la s\u00edntesis de su obra ya pulida fuese publicada para ser transmitida.<\/p>\n\n\n\n<p>Bach no indic\u00f3 sus remedios en funci\u00f3n de enfermedades ni de diagn\u00f3sticos cl\u00ednicos. Tampoco los defini\u00f3 como \u201cflores para emociones\u201d en un sentido limitado. Si observamos atentamente sus descripciones, veremos que en la mayor\u00eda de los casos comienza diciendo:<\/p>\n\n\n\n<p><strong>\u201cPara personas que\u2026\u201d<\/strong><\/p>\n\n\n\n<p>Esto revela con claridad que su mirada estaba puesta en el <strong>estado de la persona<\/strong>. No en la patolog\u00eda. No en la circunstancia externa. No en la emoci\u00f3n aislada.<\/p>\n\n\n\n<p>Las descripciones de Bach son descripciones de <strong>estados<\/strong>:<\/p>\n\n\n\n<ul>\n<li>Estados de personalidad<\/li>\n\n\n\n<li>Estados mentales din\u00e1micos<\/li>\n\n\n\n<li>Tipolog\u00edas mentales din\u00e1micas<\/li>\n<\/ul>\n\n\n\n<p>Estos estados incluyen emociones, pero no se reducen a ellas. Indicar las Flores de Bach desde esta perspectiva ampl\u00eda enormemente la comprensi\u00f3n terap\u00e9utica: no tratamos \u201cmiedo\u201d o \u201ctristeza\u201d como fen\u00f3menos aislados, sino que observamos el modo particular en que una persona se posiciona ante la vida.<\/p>\n\n\n\n<h2 class=\"wp-block-heading\">Sobre las \u201cpalabras clave\u201d<\/h2>\n\n\n\n<p>Bajo cada una de las 38 Flores se incluye una <strong>palabra clave orientativa<\/strong>.<br>Es fundamental no confundirla con una acci\u00f3n limitada del remedio.<\/p>\n\n\n\n<p>Por ejemplo:<br><strong>Mimulus<\/strong> tiene como palabra clave \u201cmiedo a lo conocido\u201d, pero no es simplemente \u201cla flor para el miedo\u201d. Una persona de tipo Mimulus puede padecer cualquier enfermedad; sin embargo, si su estructura mental responde a esa tipolog\u00eda \u2014temores concretos, silenciosos, cotidianos\u2014, es Mimulus lo que equilibra su principio vital.<\/p>\n\n\n\n<p>La palabra clave es una <strong>puerta de entrada pedag\u00f3gica<\/strong>, no una definici\u00f3n reductiva de sus usos.<\/p>\n\n\n\n<hr class=\"wp-block-separator has-alpha-channel-opacity\"\/>\n\n\n\n<h1 class=\"wp-block-heading\">LOS 38 REMEDIOS<\/h1>\n\n\n\n<p>(seg\u00fan las razones dadas por el Dr. Edward Bach)<\/p>\n\n\n\n<hr class=\"wp-block-separator has-alpha-channel-opacity\"\/>\n\n\n\n<h2 class=\"wp-block-heading\">PARA LOS QUE TIENEN MIEDO<\/h2>\n\n\n\n<h3 class=\"wp-block-heading\">ROCK ROSE<\/h3>\n\n\n\n<p><strong>Palabra clave: Terror<\/strong><\/p>\n\n\n\n<p>\u00bfQu\u00e9 dijo Bach sobre esta esencia?<br><strong>Para personas que<\/strong> viven estados de terror extremo, donde incluso parece no haber esperanza. En accidentes o enfermedades repentinas, cuando el paciente est\u00e1 muy asustado o aterrorizado, o cuando la condici\u00f3n es tan grave que provoca gran temor en quienes lo rodean.<\/p>\n\n\n\n<hr class=\"wp-block-separator has-alpha-channel-opacity\"\/>\n\n\n\n<h3 class=\"wp-block-heading\">MIMULUS<\/h3>\n\n\n\n<p><strong>Palabra clave: Miedo conocido<\/strong><\/p>\n\n\n\n<p>\u00bfQu\u00e9 dijo Bach sobre esta esencia?<br><strong>Para personas que<\/strong> sienten miedo a cosas mundanas: enfermedad, dolor, accidentes, pobreza, oscuridad, soledad o desgracia. Temores de la vida cotidiana que llevan en silencio y en secreto.<\/p>\n\n\n\n<hr class=\"wp-block-separator has-alpha-channel-opacity\"\/>\n\n\n\n<h3 class=\"wp-block-heading\">CHERRY PLUM<\/h3>\n\n\n\n<p><strong>Palabra clave: P\u00e9rdida de control<\/strong><\/p>\n\n\n\n<p>\u00bfQu\u00e9 dijo Bach sobre esta esencia?<br><strong>Para personas que<\/strong> temen que la mente est\u00e9 sobre-tensionada, que temen perder la raz\u00f3n o hacer cosas terribles y temibles, no deseadas, aun sabiendo que son malas, pero sintiendo el impulso de hacerlas.<\/p>\n\n\n\n<hr class=\"wp-block-separator has-alpha-channel-opacity\"\/>\n\n\n\n<h3 class=\"wp-block-heading\">ASPEN<\/h3>\n\n\n\n<p><strong>Palabra clave: Miedo desconocido<\/strong><\/p>\n\n\n\n<p>\u00bfQu\u00e9 dijo Bach sobre esta esencia?<br><strong>Para personas que<\/strong> sufren temores vagos y desconocidos, sin explicaci\u00f3n ni raz\u00f3n. Pueden estar aterrorizadas de que algo terrible vaya a suceder sin saber qu\u00e9 es.<\/p>\n\n\n\n<hr class=\"wp-block-separator has-alpha-channel-opacity\"\/>\n\n\n\n<h3 class=\"wp-block-heading\">RED CHESTNUT<\/h3>\n\n\n\n<p><strong>Palabra clave: Ansiedad por otros<\/strong><\/p>\n\n\n\n<p>\u00bfQu\u00e9 dijo Bach sobre esta esencia?<br><strong>Para personas que<\/strong> encuentran dif\u00edcil no estar ansiosas por los dem\u00e1s. Aunque hayan dejado de preocuparse por s\u00ed mismas, sufren anticipando desgracias para quienes aman.<\/p>\n\n\n\n<hr class=\"wp-block-separator has-alpha-channel-opacity\"\/>\n\n\n\n<h2 class=\"wp-block-heading\">PARA LA INCERTIDUMBRE<\/h2>\n\n\n\n<h3 class=\"wp-block-heading\">CERATO<\/h3>\n\n\n\n<p><strong>Palabra clave: Falta de confianza en el juicio propio<\/strong><\/p>\n\n\n\n<p>\u00bfQu\u00e9 dijo Bach sobre esta esencia?<br><strong>Para personas que<\/strong> no tienen suficiente confianza en s\u00ed mismas para tomar decisiones y buscan constantemente consejo, siendo a menudo mal aconsejadas.<\/p>\n\n\n\n<hr class=\"wp-block-separator has-alpha-channel-opacity\"\/>\n\n\n\n<h3 class=\"wp-block-heading\">SCLERANTHUS<\/h3>\n\n\n\n<p><strong>Palabra clave: Indecisi\u00f3n<\/strong><\/p>\n\n\n\n<p>\u00bfQu\u00e9 dijo Bach sobre esta esencia?<br><strong>Para personas que<\/strong> sufren al no poder decidir entre dos cosas, inclin\u00e1ndose primero por una y luego por otra, cargando su dificultad en silencio.<\/p>\n\n\n\n<hr class=\"wp-block-separator has-alpha-channel-opacity\"\/>\n\n\n\n<h3 class=\"wp-block-heading\">GENTIAN<\/h3>\n\n\n\n<p><strong>Palabra clave: Desaliento<\/strong><\/p>\n\n\n\n<p>\u00bfQu\u00e9 dijo Bach sobre esta esencia?<br><strong>Para personas que<\/strong> se desaniman f\u00e1cilmente ante retrasos u obst\u00e1culos y dudan pronto, aun cuando progresan adecuadamente.<\/p>\n\n\n\n<hr class=\"wp-block-separator has-alpha-channel-opacity\"\/>\n\n\n\n<h3 class=\"wp-block-heading\">GORSE<\/h3>\n\n\n\n<p><strong>Palabra clave: Desesperanza<\/strong><\/p>\n\n\n\n<p>\u00bfQu\u00e9 dijo Bach sobre esta esencia?<br><strong>Para personas que<\/strong> han renunciado a creer que se pueda hacer algo m\u00e1s por ellas, aunque puedan probar tratamientos para complacer a otros.<\/p>\n\n\n\n<hr class=\"wp-block-separator has-alpha-channel-opacity\"\/>\n\n\n\n<h3 class=\"wp-block-heading\">HORNBEAM<\/h3>\n\n\n\n<p><strong>Palabra clave: Cansancio anticipado<\/strong><\/p>\n\n\n\n<p>\u00bfQu\u00e9 dijo Bach sobre esta esencia?<br><strong>Para personas que<\/strong> sienten no tener suficiente fuerza mental o f\u00edsica para soportar la carga diaria, aunque generalmente cumplen sus tareas.<\/p>\n\n\n\n<hr class=\"wp-block-separator has-alpha-channel-opacity\"\/>\n\n\n\n<h3 class=\"wp-block-heading\">WILD OAT<\/h3>\n\n\n\n<p><strong>Palabra clave: Falta de direcci\u00f3n<\/strong><\/p>\n\n\n\n<p>\u00bfQu\u00e9 dijo Bach sobre esta esencia?<br><strong>Para personas que<\/strong> desean hacer algo prominente en la vida, pero no pueden determinar qu\u00e9 vocaci\u00f3n seguir, lo que les causa retraso e insatisfacci\u00f3n.<\/p>\n\n\n\n<hr class=\"wp-block-separator has-alpha-channel-opacity\"\/>\n\n\n\n<h2 class=\"wp-block-heading\">PARA EL INSUFICIENTE INTER\u00c9S EN LAS CIRCUNSTANCIAS ACTUALES<\/h2>\n\n\n\n<h3 class=\"wp-block-heading\">CLEMATIS<\/h3>\n\n\n\n<p><strong>Palabra clave: Enso\u00f1aci\u00f3n<\/strong><\/p>\n\n\n\n<p>\u00bfQu\u00e9 dijo Bach sobre esta esencia?<br><strong>Para personas que<\/strong> son so\u00f1adoras, viven m\u00e1s en el futuro que en el presente y muestran poco inter\u00e9s en sus circunstancias actuales.<\/p>\n\n\n\n<hr class=\"wp-block-separator has-alpha-channel-opacity\"\/>\n\n\n\n<h3 class=\"wp-block-heading\">HONEYSUCKLE<\/h3>\n\n\n\n<p><strong>Palabra clave: Nostalgia<\/strong><\/p>\n\n\n\n<p>\u00bfQu\u00e9 dijo Bach sobre esta esencia?<br><strong>Para personas que<\/strong> viven en el pasado, recordando tiempos felices o ambiciones no realizadas, sin esperar m\u00e1s felicidad.<\/p>\n\n\n\n<hr class=\"wp-block-separator has-alpha-channel-opacity\"\/>\n\n\n\n<h3 class=\"wp-block-heading\">WILD ROSE<\/h3>\n\n\n\n<p><strong>Palabra clave: Resignaci\u00f3n<\/strong><\/p>\n\n\n\n<p>\u00bfQu\u00e9 dijo Bach sobre esta esencia?<br><strong>Para personas que<\/strong> se resignan a lo que sucede sin intentar mejorar su situaci\u00f3n, desliz\u00e1ndose por la vida sin esfuerzo.<\/p>\n\n\n\n<hr class=\"wp-block-separator has-alpha-channel-opacity\"\/>\n\n\n\n<h3 class=\"wp-block-heading\">OLIVE<\/h3>\n\n\n\n<p><strong>Palabra clave: Agotamiento<\/strong><\/p>\n\n\n\n<p>\u00bfQu\u00e9 dijo Bach sobre esta esencia?<br><strong>Para personas que<\/strong> han sufrido mucho mental o f\u00edsicamente y est\u00e1n tan agotadas que sienten no tener fuerzas para hacer esfuerzo alguno.<\/p>\n\n\n\n<hr class=\"wp-block-separator has-alpha-channel-opacity\"\/>\n\n\n\n<h3 class=\"wp-block-heading\">WHITE CHESTNUT<\/h3>\n\n\n\n<p><strong>Palabra clave: Pensamientos repetitivos<\/strong><\/p>\n\n\n\n<p>\u00bfQu\u00e9 dijo Bach sobre esta esencia?<br><strong>Para personas que<\/strong> no pueden evitar pensamientos, ideas o argumentos no deseados que rondan una y otra vez causando tortura mental.<\/p>\n\n\n\n<hr class=\"wp-block-separator has-alpha-channel-opacity\"\/>\n\n\n\n<h3 class=\"wp-block-heading\">MUSTARD<\/h3>\n\n\n\n<p><strong>Palabra clave: Melancol\u00eda profunda<\/strong><\/p>\n\n\n\n<p>\u00bfQu\u00e9 dijo Bach sobre esta esencia?<br><strong>Para personas que<\/strong> son propensas a per\u00edodos de melancol\u00eda o desesperaci\u00f3n que aparecen como una nube oscura sin causa aparente.<\/p>\n\n\n\n<hr class=\"wp-block-separator has-alpha-channel-opacity\"\/>\n\n\n\n<h3 class=\"wp-block-heading\">CHESTNUT BUD<\/h3>\n\n\n\n<p><strong>Palabra clave: Repetici\u00f3n de errores<\/strong><\/p>\n\n\n\n<p>\u00bfQu\u00e9 dijo Bach sobre esta esencia?<br><strong>Para personas que<\/strong> no aprenden f\u00e1cilmente de la experiencia y necesitan repetir varias veces la misma lecci\u00f3n.<\/p>\n\n\n\n<hr class=\"wp-block-separator has-alpha-channel-opacity\"\/>\n\n\n\n<h2 class=\"wp-block-heading\">PARA LA SOLEDAD<\/h2>\n\n\n\n<h3 class=\"wp-block-heading\">WATER VIOLET<\/h3>\n\n\n\n<p><strong>Palabra clave: Distancia<\/strong><\/p>\n\n\n\n<p>\u00bfQu\u00e9 dijo Bach sobre esta esencia?<br><strong>Para personas que<\/strong> prefieren estar solas, son independientes, tranquilas y autosuficientes, manteniendo distancia de los dem\u00e1s.<\/p>\n\n\n\n<hr class=\"wp-block-separator has-alpha-channel-opacity\"\/>\n\n\n\n<h3 class=\"wp-block-heading\">IMPATIENS<\/h3>\n\n\n\n<p><strong>Palabra clave: Impaciencia<\/strong><\/p>\n\n\n\n<p>\u00bfQu\u00e9 dijo Bach sobre esta esencia?<br><strong>Para personas que<\/strong> son r\u00e1pidas en pensamiento y acci\u00f3n y desean que todo se haga sin demora, impacient\u00e1ndose con los lentos.<\/p>\n\n\n\n<hr class=\"wp-block-separator has-alpha-channel-opacity\"\/>\n\n\n\n<h3 class=\"wp-block-heading\">HEATHER<\/h3>\n\n\n\n<p><strong>Palabra clave: Necesidad de compa\u00f1\u00eda<\/strong><\/p>\n\n\n\n<p>\u00bfQu\u00e9 dijo Bach sobre esta esencia?<br><strong>Para personas que<\/strong> buscan constantemente compa\u00f1\u00eda para hablar de sus propios asuntos y se sienten muy infelices si est\u00e1n solas.<\/p>\n\n\n\n<hr class=\"wp-block-separator has-alpha-channel-opacity\"\/>\n\n\n\n<h2 class=\"wp-block-heading\">PARA LA HIPERSENSIBILIDAD A INFLUENCIAS E IDEAS<\/h2>\n\n\n\n<h3 class=\"wp-block-heading\">AGRIMONY<\/h3>\n\n\n\n<p><strong>Palabra clave: Ocultamiento<\/strong><\/p>\n\n\n\n<p>\u00bfQu\u00e9 dijo Bach sobre esta esencia?<br><strong>Para personas que<\/strong> ocultan preocupaciones detr\u00e1s de humor y jovialidad, evitando discusiones y conflictos.<\/p>\n\n\n\n<hr class=\"wp-block-separator has-alpha-channel-opacity\"\/>\n\n\n\n<h3 class=\"wp-block-heading\">CENTAURY<\/h3>\n\n\n\n<p><strong>Palabra clave: Sumisi\u00f3n<\/strong><\/p>\n\n\n\n<p>\u00bfQu\u00e9 dijo Bach sobre esta esencia?<br><strong>Para personas que<\/strong> son excesivamente ansiosas de servir y se convierten m\u00e1s en sirvientes que en ayudantes, descuidando su misi\u00f3n en la vida.<\/p>\n\n\n\n<hr class=\"wp-block-separator has-alpha-channel-opacity\"\/>\n\n\n\n<h3 class=\"wp-block-heading\">WALNUT<\/h3>\n\n\n\n<p><strong>Palabra clave: Protecci\u00f3n<\/strong><\/p>\n\n\n\n<p>\u00bfQu\u00e9 dijo Bach sobre esta esencia?<br><strong>Para personas que<\/strong> tienen ideales definidos pero pueden verse desviadas por influencias externas; el remedio les da constancia y protecci\u00f3n.<\/p>\n\n\n\n<hr class=\"wp-block-separator has-alpha-channel-opacity\"\/>\n\n\n\n<h3 class=\"wp-block-heading\">HOLLY<\/h3>\n\n\n\n<p><strong>Palabra clave: Celos<\/strong><\/p>\n\n\n\n<p>\u00bfQu\u00e9 dijo Bach sobre esta esencia?<br><strong>Para personas que<\/strong> sufren pensamientos de celos, envidia, venganza o sospecha, a menudo sin causa real.<\/p>\n\n\n\n<hr class=\"wp-block-separator has-alpha-channel-opacity\"\/>\n\n\n\n<h2 class=\"wp-block-heading\">PARA EL DESALIENTO O LA DESESPERACI\u00d3N<\/h2>\n\n\n\n<h3 class=\"wp-block-heading\">LARCH<\/h3>\n\n\n\n<p><strong>Palabra clave: Falta de confianza<\/strong><\/p>\n\n\n\n<p>\u00bfQu\u00e9 dijo Bach sobre esta esencia?<br><strong>Para personas que<\/strong> se sienten menos capaces que otros y no se atreven a intentar por miedo al fracaso.<\/p>\n\n\n\n<hr class=\"wp-block-separator has-alpha-channel-opacity\"\/>\n\n\n\n<h3 class=\"wp-block-heading\">PINE<\/h3>\n\n\n\n<p><strong>Palabra clave: Culpa<\/strong><\/p>\n\n\n\n<p>\u00bfQu\u00e9 dijo Bach sobre esta esencia?<br><strong>Para personas que<\/strong> se culpan a s\u00ed mismas incluso cuando tienen \u00e9xito y nunca est\u00e1n satisfechas con sus esfuerzos.<\/p>\n\n\n\n<hr class=\"wp-block-separator has-alpha-channel-opacity\"\/>\n\n\n\n<h3 class=\"wp-block-heading\">ELM<\/h3>\n\n\n\n<p><strong>Palabra clave: Abrumaci\u00f3n<\/strong><\/p>\n\n\n\n<p>\u00bfQu\u00e9 dijo Bach sobre esta esencia?<br><strong>Para personas que<\/strong> realizan una labor valiosa pero en ciertos momentos sienten que la tarea es demasiado grande para ellas.<\/p>\n\n\n\n<hr class=\"wp-block-separator has-alpha-channel-opacity\"\/>\n\n\n\n<h3 class=\"wp-block-heading\">SWEET CHESTNUT<\/h3>\n\n\n\n<p><strong>Palabra clave: Angustia extrema<\/strong><\/p>\n\n\n\n<p>\u00bfQu\u00e9 dijo Bach sobre esta esencia?<br><strong>Para personas que<\/strong> atraviesan momentos de angustia tan grande que parece insoportable, como si hubiesen llegado al l\u00edmite de su resistencia.<\/p>\n\n\n\n<hr class=\"wp-block-separator has-alpha-channel-opacity\"\/>\n\n\n\n<h3 class=\"wp-block-heading\">STAR OF BETHLEHEM<\/h3>\n\n\n\n<p><strong>Palabra clave: Consuelo<\/strong><\/p>\n\n\n\n<p>\u00bfQu\u00e9 dijo Bach sobre esta esencia?<br><strong>Para personas que<\/strong> sufren gran angustia tras conmociones, p\u00e9rdidas o noticias graves y se niegan a ser consoladas.<\/p>\n\n\n\n<hr class=\"wp-block-separator has-alpha-channel-opacity\"\/>\n\n\n\n<h3 class=\"wp-block-heading\">WILLOW<\/h3>\n\n\n\n<p><strong>Palabra clave: Resentimiento<\/strong><\/p>\n\n\n\n<p>\u00bfQu\u00e9 dijo Bach sobre esta esencia?<br><strong>Para personas que<\/strong> se sienten v\u00edctimas de la adversidad, consideran injusta su situaci\u00f3n y se amargan.<\/p>\n\n\n\n<hr class=\"wp-block-separator has-alpha-channel-opacity\"\/>\n\n\n\n<h3 class=\"wp-block-heading\">OAK<\/h3>\n\n\n\n<p><strong>Palabra clave: Lucha persistente<\/strong><\/p>\n\n\n\n<p>\u00bfQu\u00e9 dijo Bach sobre esta esencia?<br><strong>Para personas que<\/strong> luchan intensamente contra dificultades sin perder esperanza, aun cuando el caso parezca sin esperanza.<\/p>\n\n\n\n<hr class=\"wp-block-separator has-alpha-channel-opacity\"\/>\n\n\n\n<h3 class=\"wp-block-heading\">CRAB APPLE<\/h3>\n\n\n\n<p><strong>Palabra clave: Purificaci\u00f3n<\/strong><\/p>\n\n\n\n<p>\u00bfQu\u00e9 dijo Bach sobre esta esencia?<br><strong>Para personas que<\/strong> sienten que hay algo impuro o sucio en ellas y desean liberarse de ello; es el remedio de la limpieza.<\/p>\n\n\n\n<hr class=\"wp-block-separator has-alpha-channel-opacity\"\/>\n\n\n\n<h2 class=\"wp-block-heading\">PARA LA PREOCUPACI\u00d3N EXCESIVA POR EL BIENESTAR DE OTROS<\/h2>\n\n\n\n<h3 class=\"wp-block-heading\">CHICORY<\/h3>\n\n\n\n<p><strong>Palabra clave: Sobreprotecci\u00f3n<\/strong><\/p>\n\n\n\n<p>\u00bfQu\u00e9 dijo Bach sobre esta esencia?<br><strong>Para personas que<\/strong> cuidan excesivamente a otros, corrigiendo lo que consideran incorrecto y deseando tener cerca a quienes aman.<\/p>\n\n\n\n<hr class=\"wp-block-separator has-alpha-channel-opacity\"\/>\n\n\n\n<h3 class=\"wp-block-heading\">VERVAIN<\/h3>\n\n\n\n<p><strong>Palabra clave: Exceso de entusiasmo<\/strong><\/p>\n\n\n\n<p>\u00bfQu\u00e9 dijo Bach sobre esta esencia?<br><strong>Para personas que<\/strong> tienen ideas y principios fijos y desean convencer a los dem\u00e1s de su punto de vista.<\/p>\n\n\n\n<hr class=\"wp-block-separator has-alpha-channel-opacity\"\/>\n\n\n\n<h3 class=\"wp-block-heading\">VINE<\/h3>\n\n\n\n<p><strong>Palabra clave: Dominio<\/strong><\/p>\n\n\n\n<p>\u00bfQu\u00e9 dijo Bach sobre esta esencia?<br><strong>Para personas que<\/strong> son muy seguras de su capacidad y piensan que los dem\u00e1s deber\u00edan hacer las cosas como ellas.<\/p>\n\n\n\n<hr class=\"wp-block-separator has-alpha-channel-opacity\"\/>\n\n\n\n<h3 class=\"wp-block-heading\">BEECH<\/h3>\n\n\n\n<p><strong>Palabra clave: Intolerancia<\/strong><\/p>\n\n\n\n<p>\u00bfQu\u00e9 dijo Bach sobre esta esencia?<br><strong>Para personas que<\/strong> sienten necesidad de ver m\u00e1s bondad y belleza en todo, desarrollando tolerancia y comprensi\u00f3n.<\/p>\n\n\n\n<hr class=\"wp-block-separator has-alpha-channel-opacity\"\/>\n\n\n\n<h3 class=\"wp-block-heading\">ROCK WATER<\/h3>\n\n\n\n<p><strong>Palabra clave: Rigidez<\/strong><\/p>\n\n\n\n<p>\u00bfQu\u00e9 dijo Bach sobre esta esencia?<br><strong>Para personas que<\/strong> son muy estrictas consigo mismas, se niegan placeres y desean ser ejemplo para otros mediante disciplina.<\/p>\n\n\n\n<hr class=\"wp-block-separator has-alpha-channel-opacity\"\/>\n\n\n\n<h2 class=\"wp-block-heading\">Consideraci\u00f3n final para el terapeuta<\/h2>\n\n\n\n<p><strong>Fu\u00e9 el Doctor Bach qui\u00e9n estipul\u00f3 los principios a seguir para el uso cl\u00ednico de las esencias florales<\/strong>.<br>Indicar Flores de Bach es un arte de observaci\u00f3n del <strong>estado de la persona<\/strong>.<br>No tratamos s\u00edntomas. No tratamos enfermedades.<br>Observamos la din\u00e1mica mental, la tipolog\u00eda vital, el modo en que el individuo se posiciona frente a la experiencia.<\/p>\n\n\n\n<p>As\u00ed lo dej\u00f3 escrito el Dr. Edward Bach.<br>Y as\u00ed contin\u00faa viva la esencia de su ense\u00f1anza.<\/p>\n\n\n<div class=\"wp-block-image\">\n<figure class=\"aligncenter size-large\"><a href=\"https:\/\/www.institutobach.com.ar\/escritos\/las-indicaciones-de-las-flores-de-bach.pdf\" target=\"_blank\" rel=\"noreferrer noopener\"><img decoding=\"async\" src=\"https:\/\/www.institutobach.com.ar\/images\/pdf.png\" alt=\"\"\/><\/a><\/figure><\/div>","protected":false},"excerpt":{"rendered":"<p>Seg\u00fan la obra depurada y completada por el Dr. Edward Bach Este texto est\u00e1 dirigido a terapeutas florales y hol\u00edsticos que deseen profundizar en la indicaci\u00f3n de las 38 Flores de la manera en que fueron dejadas por escrito por el propio Dr. Edward Bach en la edici\u00f3n final de Los 12 Curadores y otros [&hellip;]<\/p>\n","protected":false},"author":2,"featured_media":0,"comment_status":"closed","ping_status":"open","sticky":false,"template":"","format":"standard","meta":{"footnotes":""},"categories":[17,54,198],"tags":[],"_links":{"self":[{"href":"https:\/\/www.institutobach.com.ar\/cursos\/wp-json\/wp\/v2\/posts\/1912"}],"collection":[{"href":"https:\/\/www.institutobach.com.ar\/cursos\/wp-json\/wp\/v2\/posts"}],"about":[{"href":"https:\/\/www.institutobach.com.ar\/cursos\/wp-json\/wp\/v2\/types\/post"}],"author":[{"embeddable":true,"href":"https:\/\/www.institutobach.com.ar\/cursos\/wp-json\/wp\/v2\/users\/2"}],"replies":[{"embeddable":true,"href":"https:\/\/www.institutobach.com.ar\/cursos\/wp-json\/wp\/v2\/comments?post=1912"}],"version-history":[{"count":1,"href":"https:\/\/www.institutobach.com.ar\/cursos\/wp-json\/wp\/v2\/posts\/1912\/revisions"}],"predecessor-version":[{"id":1913,"href":"https:\/\/www.institutobach.com.ar\/cursos\/wp-json\/wp\/v2\/posts\/1912\/revisions\/1913"}],"wp:attachment":[{"href":"https:\/\/www.institutobach.com.ar\/cursos\/wp-json\/wp\/v2\/media?parent=1912"}],"wp:term":[{"taxonomy":"category","embeddable":true,"href":"https:\/\/www.institutobach.com.ar\/cursos\/wp-json\/wp\/v2\/categories?post=1912"},{"taxonomy":"post_tag","embeddable":true,"href":"https:\/\/www.institutobach.com.ar\/cursos\/wp-json\/wp\/v2\/tags?post=1912"}],"curies":[{"name":"wp","href":"https:\/\/api.w.org\/{rel}","templated":true}]}}