{"id":1907,"date":"2026-02-23T02:21:41","date_gmt":"2026-02-23T05:21:41","guid":{"rendered":"https:\/\/www.institutobach.com.ar\/cursos\/?p=1907"},"modified":"2026-02-23T02:25:02","modified_gmt":"2026-02-23T05:25:02","slug":"intuicion-y-conciencia-aliados-en-la-practica-floral","status":"publish","type":"post","link":"https:\/\/www.institutobach.com.ar\/cursos\/flores-de-bach-y-tph\/intuicion-y-conciencia-aliados-en-la-practica-floral\/","title":{"rendered":"Intuici\u00f3n y conciencia: aliados en la pr\u00e1ctica floral"},"content":{"rendered":"\n<p class=\"has-text-align-center\"><strong>LOS ESCRITOS DEL INSTITUTO<\/strong><strong><br><\/strong><strong>Notas para Terapeutas Formadoras<\/strong><\/p>\n\n\n\n<hr class=\"wp-block-separator has-alpha-channel-opacity\"\/>\n\n\n\n<p>En la Terapia Floral, la intuici\u00f3n es una forma profunda de escucha.<\/p>\n\n\n\n<p>Es esa sensibilidad que nos permite percibir matices m\u00e1s all\u00e1 de las palabras: el tono emocional, el ritmo interno del consultante, la vibraci\u00f3n del v\u00ednculo que se crea en cada encuentro. Muchas veces, antes de comprender con la mente, ya hemos sentido con claridad.<\/p>\n\n\n\n<p>Y eso es un don.<\/p>\n\n\n\n<hr class=\"wp-block-separator has-alpha-channel-opacity\"\/>\n\n\n\n<h2 class=\"wp-block-heading\">La intuici\u00f3n tambi\u00e9n necesita cuidado<\/h2>\n\n\n\n<p>As\u00ed como cuidamos nuestras esencias, nuestros espacios y nuestros procesos personales, tambi\u00e9n nuestra intuici\u00f3n necesita cuidado.<\/p>\n\n\n\n<p>El psiquiatra Eric Berne, creador del An\u00e1lisis Transaccional, estudi\u00f3 durante a\u00f1os el fen\u00f3meno de la intuici\u00f3n cl\u00ednica y lleg\u00f3 a una conclusi\u00f3n muy interesante: la intuici\u00f3n no es algo m\u00e1gico ni irracional. Es una forma temprana y profunda de percepci\u00f3n que capta actitudes, disposiciones internas y modos de estar en la realidad, incluso antes de que podamos explicarlos con palabras.<\/p>\n\n\n\n<p>Muchas terapeutas florales reconocen esta experiencia: \u201clo siento antes de entenderlo\u201d.<\/p>\n\n\n\n<p>Berne tambi\u00e9n observ\u00f3 algo que seguramente nos resulta familiar: cuando estamos excesivamente tensas o demasiado preocupadas por hacerlo \u201cbien\u201d, esa percepci\u00f3n sutil puede volverse m\u00e1s dif\u00edcil. No porque la mente sea enemiga de la intuici\u00f3n, sino porque cada funci\u00f3n interna necesita su espacio y su momento.<\/p>\n\n\n\n<p>Y no solo ocurre cuando pensamos demasiado.<br>A veces la claridad se nubla porque queremos ayudar con mucha intensidad, porque nos identificamos profundamente con la historia del consultante o porque aparece una voz interna que nos exige estar siempre centradas, equilibradas o \u201ca la altura\u201d. En esos momentos, algo muy humano se activa en nosotras. Reconocerlo es parte del trabajo consciente.<\/p>\n\n\n\n<hr class=\"wp-block-separator has-alpha-channel-opacity\"\/>\n\n\n\n<h2 class=\"wp-block-heading\">Una herramienta para acompa\u00f1ar la sensibilidad<\/h2>\n\n\n\n<p>En el Instituto Argentino de Flores de Bach trabajamos con la Herramienta de Lectura del V\u00ednculo Terap\u00e9utico Floral (AT) como un apoyo a la conciencia profesional.<\/p>\n\n\n\n<p>El propio An\u00e1lisis Transaccional naci\u00f3, en parte, del intento de comprender c\u00f3mo integrar esa percepci\u00f3n profunda con una mirada clara y organizada. No para reemplazar la intuici\u00f3n, sino para ayudar a que no se confunda con nuestras propias expectativas, exigencias o emociones activadas en el encuentro.<\/p>\n\n\n\n<p>Porque en todo v\u00ednculo terap\u00e9utico hay dos mundos internos en interacci\u00f3n. Y a veces lo que sentimos pertenece al consultante\u2026 y a veces se despierta algo nuestro.<\/p>\n\n\n\n<p>Poder distinguirlo vuelve m\u00e1s confiable la intuici\u00f3n, sin debilitarla.<\/p>\n\n\n\n<hr class=\"wp-block-separator has-alpha-channel-opacity\"\/>\n\n\n\n<h2 class=\"wp-block-heading\">Autoobservaci\u00f3n: un gesto de respeto hacia el v\u00ednculo<\/h2>\n\n\n\n<p>La autoobservaci\u00f3n no enfr\u00eda la sensibilidad; la autoobservaci\u00f3n acompa\u00f1a y cuida esa sencibilidad.<\/p>\n\n\n\n<p>El AT propone algo muy simple y muy humano: reconocer que en nosotras conviven distintas maneras de percibir, sentir y pensar. Hay una parte profunda y espont\u00e1nea que capta r\u00e1pidamente; y hay otra que puede observar, ordenar y dar significado.<\/p>\n\n\n\n<p>Cuando ambas colaboran, la pr\u00e1ctica se vuelve m\u00e1s serena.<\/p>\n\n\n\n<p>La intuici\u00f3n aporta la primera lectura.<br>La conciencia aporta claridad.<\/p>\n\n\n\n<p>Y esa integraci\u00f3n \u2014que el An\u00e1lisis Transaccional ya hab\u00eda previsto\u2014 permite que la sensibilidad no se pierda ni se rigidice, sino que florezca con mayor estabilidad.<\/p>\n\n\n\n<hr class=\"wp-block-separator has-alpha-channel-opacity\"\/>\n\n\n\n<h2 class=\"wp-block-heading\">Sensibilidad y conciencia: una alianza natural<\/h2>\n\n\n\n<p>La pr\u00e1ctica floral tiene una ra\u00edz profundamente intuitiva.<br>Y al mismo tiempo, es un camino de crecimiento personal continuo.<\/p>\n\n\n\n<p>Integrar sensibilidad y conciencia honra la terapia sin \u201cvolverla mental\u201d.<\/p>\n\n\n\n<p>En el Instituto Argentino creemos que la intuici\u00f3n florece a\u00fan m\u00e1s cuando se siente sostenida por una presencia interna que puede mirarse con respeto y sin juicio.<\/p>\n\n\n\n<p>Porque cuanto m\u00e1s claro es nuestro interior, m\u00e1s transparente puede ser el encuentro con quien consulta.<\/p>\n\n\n\n<p>Y ese cuidado \u2014de nosotras y del v\u00ednculo\u2014 es tambi\u00e9n parte del acto terap\u00e9utico floral.<\/p>\n\n\n<div class=\"wp-block-image\">\n<figure class=\"aligncenter size-large\"><a href=\"https:\/\/www.institutobach.com.ar\/escritos\/intuicion-y-conciencia.pdf\" target=\"_blank\" rel=\"noreferrer noopener\"><img decoding=\"async\" src=\"https:\/\/www.institutobach.com.ar\/images\/pdf.png\" alt=\"\"\/><\/a><\/figure><\/div>","protected":false},"excerpt":{"rendered":"<p>LOS ESCRITOS DEL INSTITUTONotas para Terapeutas Formadoras En la Terapia Floral, la intuici\u00f3n es una forma profunda de escucha. Es esa sensibilidad que nos permite percibir matices m\u00e1s all\u00e1 de las palabras: el tono emocional, el ritmo interno del consultante, la vibraci\u00f3n del v\u00ednculo que se crea en cada encuentro. Muchas veces, antes de comprender [&hellip;]<\/p>\n","protected":false},"author":2,"featured_media":0,"comment_status":"closed","ping_status":"open","sticky":false,"template":"","format":"standard","meta":{"footnotes":""},"categories":[22,19,197,198],"tags":[],"_links":{"self":[{"href":"https:\/\/www.institutobach.com.ar\/cursos\/wp-json\/wp\/v2\/posts\/1907"}],"collection":[{"href":"https:\/\/www.institutobach.com.ar\/cursos\/wp-json\/wp\/v2\/posts"}],"about":[{"href":"https:\/\/www.institutobach.com.ar\/cursos\/wp-json\/wp\/v2\/types\/post"}],"author":[{"embeddable":true,"href":"https:\/\/www.institutobach.com.ar\/cursos\/wp-json\/wp\/v2\/users\/2"}],"replies":[{"embeddable":true,"href":"https:\/\/www.institutobach.com.ar\/cursos\/wp-json\/wp\/v2\/comments?post=1907"}],"version-history":[{"count":4,"href":"https:\/\/www.institutobach.com.ar\/cursos\/wp-json\/wp\/v2\/posts\/1907\/revisions"}],"predecessor-version":[{"id":1911,"href":"https:\/\/www.institutobach.com.ar\/cursos\/wp-json\/wp\/v2\/posts\/1907\/revisions\/1911"}],"wp:attachment":[{"href":"https:\/\/www.institutobach.com.ar\/cursos\/wp-json\/wp\/v2\/media?parent=1907"}],"wp:term":[{"taxonomy":"category","embeddable":true,"href":"https:\/\/www.institutobach.com.ar\/cursos\/wp-json\/wp\/v2\/categories?post=1907"},{"taxonomy":"post_tag","embeddable":true,"href":"https:\/\/www.institutobach.com.ar\/cursos\/wp-json\/wp\/v2\/tags?post=1907"}],"curies":[{"name":"wp","href":"https:\/\/api.w.org\/{rel}","templated":true}]}}