{"id":991,"date":"2017-08-09T19:40:36","date_gmt":"2017-08-09T22:40:36","guid":{"rendered":"http:\/\/www.institutobach.com.ar\/cursos\/?p=991"},"modified":"2017-08-09T19:48:32","modified_gmt":"2017-08-09T22:48:32","slug":"las-flores-y-el-despertar-de-la-conciencia","status":"publish","type":"post","link":"http:\/\/www.institutobach.com.ar\/cursos\/informacion\/las-flores-y-el-despertar-de-la-conciencia\/","title":{"rendered":"Las Flores y el despertar de la conciencia"},"content":{"rendered":"<h3>El despertar de la conciencia<br \/>\n(Tomar Flores &#8211; Tomar Conciencia)<\/h3>\n<p style=\"text-align: justify;\">El correcto uso de las flores de Bach se transforma en una herramienta \u00fatil ya que nos permiten ir liberando, uno a uno y muy sutilmente, aquellos patrones o pautas de comportamiento o pensamiento (Mandatos negativos) que en alg\u00fan punto del recorrido del camino de la vida hemos internalizado y hecho propios, sin que en realidad lo sean. En definitiva, estos han afectado y est\u00e1n afectando a la humanidad, incluso de un modo mucho m\u00e1s fuerte del que creemos porque nos hacen actuar en funci\u00f3n de lo aprendido, de lo heredado, de las creencias, mas nunca en concordancia con lo que somos. Nos perdemos en nosotros mismos, sin reconocerlo y sin saber como recuperar nuestra armon\u00eda. La consecuencia: comenzar a enfermar el cuerpo y provocar circunstancias que nos hagan m\u00e1s dif\u00edcil a\u00fan el momento presente.<\/p>\n<p style=\"text-align: justify;\">Desbloqueando las capas de emociones negativas que nos llevan a ese punto, las flores de Bach van haciendo un proceso que si bien en algunos casos es espont\u00e1neo e inconsciente, los resultados son m\u00e1s efectivos y potentes si este proceso se logra en forma conciente con conocimiento, introspecci\u00f3n y levantando pensamientos contrarios a nuestros mandatos negativos limitantes.<\/p>\n<p><img loading=\"lazy\" decoding=\"async\" class=\"alignnone\" src=\"http:\/\/www.institutobach.com.ar\/images\/despertar-conciencia.jpg\" alt=\"Foto simbolizando el observar conciente\" width=\"350\" height=\"211\" \/><\/p>\n<p style=\"text-align: justify;\">Todo lo que vamos modificando gracias a las flores de Bach, si se desbloquea apropiadamente, comienza el proceso de cambio. Posteriormente podemos generar comportamientos similares en situaciones parecidas, pero si este cambio lo hemos iniciado en forma conciente, lo que hemos aprendido y observado ya no vuelve a aparecer o aparece en forma cada vez m\u00e1s suave, m\u00e1s leve y de duraci\u00f3n m\u00e1s corta. Siempre ser\u00e1 diferente: otras sensaciones, otro comportamiento, otros resultados.<\/p>\n<p style=\"text-align: justify;\">El Dr. Edward Bach dec\u00eda que s\u00f3lo lograremos vencer la enfermedad si seguimos los dictados de nuestra propia alma; esto significa manejarnos respetando la Unidad a la que pertenecemos: alma y personalidad deben coincidir en una sola direcci\u00f3n para que toda nuestra vida se llene de goce, y podamos disfrutarla en plenitud y para ello necesitamos desbloquearnos de los mandatos perjudiciales aprendidos.<\/p>\n<p><em>(del Curso de Facilitador en T\u00e9cnicas Psico-Homeop\u00e1ticas de Bienestar -\u00a9 Farmac\u00e9tico N\u00e9stor Brizuela &#8211; \u00a0Instituto Argentino de Flores de Bach)<\/em><\/p>\n","protected":false},"excerpt":{"rendered":"<p>El despertar de la conciencia (Tomar Flores &#8211; Tomar Conciencia) El correcto uso de las flores de Bach se transforma en una herramienta \u00fatil ya que nos permiten ir liberando, uno a uno y muy sutilmente, aquellos patrones o pautas de comportamiento o pensamiento (Mandatos negativos) que en alg\u00fan punto del recorrido del camino de [&hellip;]<\/p>\n","protected":false},"author":2,"featured_media":0,"comment_status":"closed","ping_status":"open","sticky":false,"template":"","format":"standard","meta":{"footnotes":""},"categories":[17,19,6],"tags":[116,115,185,111],"_links":{"self":[{"href":"http:\/\/www.institutobach.com.ar\/cursos\/wp-json\/wp\/v2\/posts\/991"}],"collection":[{"href":"http:\/\/www.institutobach.com.ar\/cursos\/wp-json\/wp\/v2\/posts"}],"about":[{"href":"http:\/\/www.institutobach.com.ar\/cursos\/wp-json\/wp\/v2\/types\/post"}],"author":[{"embeddable":true,"href":"http:\/\/www.institutobach.com.ar\/cursos\/wp-json\/wp\/v2\/users\/2"}],"replies":[{"embeddable":true,"href":"http:\/\/www.institutobach.com.ar\/cursos\/wp-json\/wp\/v2\/comments?post=991"}],"version-history":[{"count":6,"href":"http:\/\/www.institutobach.com.ar\/cursos\/wp-json\/wp\/v2\/posts\/991\/revisions"}],"predecessor-version":[{"id":997,"href":"http:\/\/www.institutobach.com.ar\/cursos\/wp-json\/wp\/v2\/posts\/991\/revisions\/997"}],"wp:attachment":[{"href":"http:\/\/www.institutobach.com.ar\/cursos\/wp-json\/wp\/v2\/media?parent=991"}],"wp:term":[{"taxonomy":"category","embeddable":true,"href":"http:\/\/www.institutobach.com.ar\/cursos\/wp-json\/wp\/v2\/categories?post=991"},{"taxonomy":"post_tag","embeddable":true,"href":"http:\/\/www.institutobach.com.ar\/cursos\/wp-json\/wp\/v2\/tags?post=991"}],"curies":[{"name":"wp","href":"https:\/\/api.w.org\/{rel}","templated":true}]}}