{"id":744,"date":"2017-02-21T18:22:01","date_gmt":"2017-02-21T21:22:01","guid":{"rendered":"http:\/\/www.institutobach.com.ar\/cursos\/?p=744"},"modified":"2017-02-24T20:25:32","modified_gmt":"2017-02-24T23:25:32","slug":"11-elm","status":"publish","type":"post","link":"http:\/\/www.institutobach.com.ar\/cursos\/flores-de-bach\/11-elm\/","title":{"rendered":"11 &#8211; Elm"},"content":{"rendered":"<p>Elm<\/p>\n<p>Olmo: (Ulmus procera)<\/p>\n<p>Para los que se sienten cansados y abatidos por las responsabilidades.<\/p>\n<p>Fuerza y convicci\u00f3n para continuar . . . .<\/p>\n<p style=\"text-align: justify;\">Para aquellos que a veces pueden sentir momentos de abatimiento por tener m\u00e1s responsabilidades de las que se pueden llevar a cabo y les parecen que no van a poder cumplirlas. Si bien no han fracasado, existe un sentimiento de incapacidad.<\/p>\n<p><img loading=\"lazy\" decoding=\"async\" class=\"alignnone\" src=\"http:\/\/www.institutobach.com.ar\/images\/38-flores-bach\/11-elm.jpg\" alt=\"Foto de Elm (Olmo)\" width=\"430\" height=\"312\" \/><\/p>\n<p style=\"text-align: justify;\">&#8220;Aquellos que est\u00e1n haciendo un buen trabajo, que est\u00e1n cumpliendo el mandato de sus vidas y esperan hacer algo importante\u00a0generalmente para beneficio de la humanidad. Por momentos puede ocurrir que pasen por per\u00edodos de abatimiento cuando ven que la tarea que emprendieron es muy dif\u00edcil o escapa a su alcance.&#8221;<\/p>\n<p style=\"text-align: justify;\">&#8220;Olvidemos nuestras limitaciones, nuestras personalidades, lo que consideramos nuestras peque\u00f1eces y d\u00e9monos cuenta de que hemos sido elegidos como especiales mensajeros, caballeros benditos del \u00f3rden mas superior . . .&#8221;<\/p>\n<p style=\"text-align: justify;\">y as\u00ed Bach ense\u00f1aba que estamos capacitados para vencer dificultades en hacer nuestro trabajo.<br \/>\nExisten muchas variedades de Olmo por lo que hay que tener conocimientos adecuados para identificar la variedad correcta porque s\u00f3lo las caracter\u00edsticas de las flores no alcanzan para diferenciar adecuadamente las diferentes variedades.<\/p>\n","protected":false},"excerpt":{"rendered":"<p>Elm Olmo: (Ulmus procera) Para los que se sienten cansados y abatidos por las responsabilidades. Fuerza y convicci\u00f3n para continuar . . . . Para aquellos que a veces pueden sentir momentos de abatimiento por tener m\u00e1s responsabilidades de las que se pueden llevar a cabo y les parecen que no van a poder cumplirlas. [&hellip;]<\/p>\n","protected":false},"author":2,"featured_media":0,"comment_status":"closed","ping_status":"open","sticky":false,"template":"","format":"standard","meta":{"footnotes":""},"categories":[17,54],"tags":[],"_links":{"self":[{"href":"http:\/\/www.institutobach.com.ar\/cursos\/wp-json\/wp\/v2\/posts\/744"}],"collection":[{"href":"http:\/\/www.institutobach.com.ar\/cursos\/wp-json\/wp\/v2\/posts"}],"about":[{"href":"http:\/\/www.institutobach.com.ar\/cursos\/wp-json\/wp\/v2\/types\/post"}],"author":[{"embeddable":true,"href":"http:\/\/www.institutobach.com.ar\/cursos\/wp-json\/wp\/v2\/users\/2"}],"replies":[{"embeddable":true,"href":"http:\/\/www.institutobach.com.ar\/cursos\/wp-json\/wp\/v2\/comments?post=744"}],"version-history":[{"count":4,"href":"http:\/\/www.institutobach.com.ar\/cursos\/wp-json\/wp\/v2\/posts\/744\/revisions"}],"predecessor-version":[{"id":748,"href":"http:\/\/www.institutobach.com.ar\/cursos\/wp-json\/wp\/v2\/posts\/744\/revisions\/748"}],"wp:attachment":[{"href":"http:\/\/www.institutobach.com.ar\/cursos\/wp-json\/wp\/v2\/media?parent=744"}],"wp:term":[{"taxonomy":"category","embeddable":true,"href":"http:\/\/www.institutobach.com.ar\/cursos\/wp-json\/wp\/v2\/categories?post=744"},{"taxonomy":"post_tag","embeddable":true,"href":"http:\/\/www.institutobach.com.ar\/cursos\/wp-json\/wp\/v2\/tags?post=744"}],"curies":[{"name":"wp","href":"https:\/\/api.w.org\/{rel}","templated":true}]}}