{"id":550,"date":"2016-09-29T17:33:51","date_gmt":"2016-09-29T20:33:51","guid":{"rendered":"http:\/\/www.institutobach.com.ar\/cursos\/?p=550"},"modified":"2016-11-27T01:41:18","modified_gmt":"2016-11-27T04:41:18","slug":"130-aniversario-dr-edward-bach","status":"publish","type":"post","link":"http:\/\/www.institutobach.com.ar\/cursos\/el-terapeuta\/130-aniversario-dr-edward-bach\/","title":{"rendered":"130 Aniversario Dr. Edward Bach"},"content":{"rendered":"<p style=\"text-align: justify;\">El <a href=\"http:\/\/www.portalbach.com.ar\/biografia1.htm\" target=\"_blank\">Dr. Edward Bach<\/a> (1886 &#8211; 1936)<br \/>\n130 Aniversario de su Nacimiento (y 80 de la partida de este plano)<\/p>\n<p style=\"text-align: justify;\">En este a\u00f1o 2016 se conmemor\u00f3, el d\u00eda 24 de Septiembre, los\u00a0130 a\u00f1os del nacimiento del creador del sistema y t\u00e9cnica conocida con el nombre de <a href=\"http:\/\/www.institutobach.com.ar\/cursos\/informacion\/flores-de-bach-definicion\/\" target=\"_blank\">Flores de Bach<\/a>; y el 27 de Noviembre, los 80 a\u00f1os de su partida de este plano.<\/p>\n<p>Compartimos el mensaje del Instituto Argentino dirigido a los Terapeutas y Cursantes de Argentina, en estos tiempos en los que estas t\u00e9cnicas est\u00e1n pasando por una etapa hist\u00f3rica de quiebre debido al ego\u00edsmo y a la manipulaci\u00f3n que est\u00e1 teniendo su obra, como por ejemplo, la aparici\u00f3n de m\u00faltiples f\u00f3rmulas standard y presentaciones tipo goma de mascar y otras &#8220;novedades&#8221; comerciales alejadas de la obra natural.<\/p>\n<p style=\"text-align: justify;\">Desde el Instituto Argentino de Flores de Bach optamos por la fecha del 24 de Septiembre para el simple homenaje \/ recordatorio, convencidos de que siempre es mejor estar agradecidos por los 130 de su llegada que por los 80 de su partida, . . . \u00a0festejando la vida, considerando que la fecha del 27 de Noviembre pueda ser un momento de reflexi\u00f3n o meditaci\u00f3n de cada uno sobre la obra del Dr. Bach, por nuestra parte, acompa\u00f1ada de una caminata individual contemplando y conectando con la Naturaleza.<\/p>\n<p>Estamos en un camino de encrucijada y depender\u00e1 de c\u00f3mo se formen y c\u00f3mo act\u00faen en la pr\u00e1ctica diaria las personas que quieran trabajar con Flores de Bach para que el sistema contin\u00fae por\u00a0el camino trazado por Bach, u otro.<\/p>\n<p><iframe loading=\"lazy\" src=\"https:\/\/www.youtube.com\/embed\/LKMj8HwSEWU?rel=0\" width=\"430\" height=\"242\" frameborder=\"0\" allowfullscreen=\"allowfullscreen\"><\/iframe><\/p>\n<p style=\"text-align: justify;\">Edward Bach fue un m\u00e9dico cl\u00ednico y home\u00f3pata nacido en Gales, que adem\u00e1s de su s\u00f3lida formaci\u00f3n acad\u00e9mica, pose\u00eda una sensibilidad extraordinaria.<\/p>\n<p>Basado en los postulados de Hahnemann (creador de la Homeopat\u00eda), y desarrollando un sistema con caracter\u00edsticas \u00a0propias, descubri\u00f3 entre los a\u00f1os 1926 y 1934 la acci\u00f3n que algunas flores produc\u00edan sobre la vitalidad, y de qu\u00e9 manera pod\u00edan ser utilizadas por las personas y terapeutas para encaminar un proceso de curaci\u00f3n y\/o de bienestar.<\/p>\n<p>El Sistema de Flores de Bach fu\u00e9 ingresado a nuestro pa\u00eds por la Dra. Pastorino. prestigiosa m\u00e9dica psiquiatra y Home\u00f3pata de la Asociaci\u00f3n M\u00e9dica Homeop\u00e1tica Argentina. El sistema consta de solo 38 esencias que combinadas por uno mismo o con ayuda y acompa\u00f1amiento de los terapeutas (de forma personalizada para cada consultante), forman &#8220;casi infinitas&#8221; combinaciones, lo que hace que cubran el amplio rango necesario para abordar los aspectos de la naturaleza humana en el camino del autoconocimiento y sanaci\u00f3n de la personalidad.<\/p>\n","protected":false},"excerpt":{"rendered":"<p>El Dr. Edward Bach (1886 &#8211; 1936) 130 Aniversario de su Nacimiento (y 80 de la partida de este plano) En este a\u00f1o 2016 se conmemor\u00f3, el d\u00eda 24 de Septiembre, los\u00a0130 a\u00f1os del nacimiento del creador del sistema y t\u00e9cnica conocida con el nombre de Flores de Bach; y el 27 de Noviembre, los [&hellip;]<\/p>\n","protected":false},"author":2,"featured_media":0,"comment_status":"closed","ping_status":"open","sticky":false,"template":"","format":"standard","meta":{"footnotes":""},"categories":[22],"tags":[75,76,50,74,73],"_links":{"self":[{"href":"http:\/\/www.institutobach.com.ar\/cursos\/wp-json\/wp\/v2\/posts\/550"}],"collection":[{"href":"http:\/\/www.institutobach.com.ar\/cursos\/wp-json\/wp\/v2\/posts"}],"about":[{"href":"http:\/\/www.institutobach.com.ar\/cursos\/wp-json\/wp\/v2\/types\/post"}],"author":[{"embeddable":true,"href":"http:\/\/www.institutobach.com.ar\/cursos\/wp-json\/wp\/v2\/users\/2"}],"replies":[{"embeddable":true,"href":"http:\/\/www.institutobach.com.ar\/cursos\/wp-json\/wp\/v2\/comments?post=550"}],"version-history":[{"count":29,"href":"http:\/\/www.institutobach.com.ar\/cursos\/wp-json\/wp\/v2\/posts\/550\/revisions"}],"predecessor-version":[{"id":603,"href":"http:\/\/www.institutobach.com.ar\/cursos\/wp-json\/wp\/v2\/posts\/550\/revisions\/603"}],"wp:attachment":[{"href":"http:\/\/www.institutobach.com.ar\/cursos\/wp-json\/wp\/v2\/media?parent=550"}],"wp:term":[{"taxonomy":"category","embeddable":true,"href":"http:\/\/www.institutobach.com.ar\/cursos\/wp-json\/wp\/v2\/categories?post=550"},{"taxonomy":"post_tag","embeddable":true,"href":"http:\/\/www.institutobach.com.ar\/cursos\/wp-json\/wp\/v2\/tags?post=550"}],"curies":[{"name":"wp","href":"https:\/\/api.w.org\/{rel}","templated":true}]}}