{"id":48,"date":"2012-10-12T16:35:12","date_gmt":"2012-10-12T19:35:12","guid":{"rendered":"http:\/\/www.institutobach.com.ar\/cursos\/?p=48"},"modified":"2012-10-12T16:35:46","modified_gmt":"2012-10-12T19:35:46","slug":"%c2%bfque-decia-bach-sobre-estos-mandatos","status":"publish","type":"post","link":"http:\/\/www.institutobach.com.ar\/cursos\/flores-de-bach-y-tph\/%c2%bfque-decia-bach-sobre-estos-mandatos\/","title":{"rendered":"\u00bfQu\u00e9 dec\u00eda Bach sobre estos mandatos?"},"content":{"rendered":"<p><strong>\u00bfQu\u00e9 dec\u00eda Bach sobre estos mandatos? <\/strong><br \/>\nBach atribu\u00eda el origen de los padecimientos a un conflicto entre la mente y el Alma.<\/p>\n","protected":false},"excerpt":{"rendered":"<p>\u00bfQu\u00e9 dec\u00eda Bach sobre estos mandatos? Bach atribu\u00eda el origen de los padecimientos a un conflicto entre la mente y el Alma.<\/p>\n","protected":false},"author":2,"featured_media":0,"comment_status":"open","ping_status":"open","sticky":false,"template":"","format":"standard","meta":{"footnotes":""},"categories":[19],"tags":[],"_links":{"self":[{"href":"http:\/\/www.institutobach.com.ar\/cursos\/wp-json\/wp\/v2\/posts\/48"}],"collection":[{"href":"http:\/\/www.institutobach.com.ar\/cursos\/wp-json\/wp\/v2\/posts"}],"about":[{"href":"http:\/\/www.institutobach.com.ar\/cursos\/wp-json\/wp\/v2\/types\/post"}],"author":[{"embeddable":true,"href":"http:\/\/www.institutobach.com.ar\/cursos\/wp-json\/wp\/v2\/users\/2"}],"replies":[{"embeddable":true,"href":"http:\/\/www.institutobach.com.ar\/cursos\/wp-json\/wp\/v2\/comments?post=48"}],"version-history":[{"count":2,"href":"http:\/\/www.institutobach.com.ar\/cursos\/wp-json\/wp\/v2\/posts\/48\/revisions"}],"predecessor-version":[{"id":50,"href":"http:\/\/www.institutobach.com.ar\/cursos\/wp-json\/wp\/v2\/posts\/48\/revisions\/50"}],"wp:attachment":[{"href":"http:\/\/www.institutobach.com.ar\/cursos\/wp-json\/wp\/v2\/media?parent=48"}],"wp:term":[{"taxonomy":"category","embeddable":true,"href":"http:\/\/www.institutobach.com.ar\/cursos\/wp-json\/wp\/v2\/categories?post=48"},{"taxonomy":"post_tag","embeddable":true,"href":"http:\/\/www.institutobach.com.ar\/cursos\/wp-json\/wp\/v2\/tags?post=48"}],"curies":[{"name":"wp","href":"https:\/\/api.w.org\/{rel}","templated":true}]}}