{"id":381,"date":"2015-11-20T17:19:15","date_gmt":"2015-11-20T20:19:15","guid":{"rendered":"http:\/\/www.institutobach.com.ar\/cursos\/?p=381"},"modified":"2015-11-20T17:21:42","modified_gmt":"2015-11-20T20:21:42","slug":"flores-de-bach-y-autoestima","status":"publish","type":"post","link":"http:\/\/www.institutobach.com.ar\/cursos\/informacion\/flores-de-bach-y-autoestima\/","title":{"rendered":"Flores de Bach y Autoestima"},"content":{"rendered":"<p><strong>Posici\u00f3n Existencial Yo estoy mal \/ t\u00fa est\u00e1s bien<\/strong>:<br \/>\nEsta posici\u00f3n est\u00e1 caracterizada, fundamentalmente, por la falta de confianza e inseguridad en uno mismo. Es habitual que cuando te encuentras en Yo estoy mal \/ T\u00fa estas bien, sientas que no eres \u00fatil que no te vales por ti mismo, y necesitas de los otros en toda circunstancia.<\/p>\n<p>Tus pensamientos m\u00e1s frecuentes son \u201cno sirvo\u201d, \u201clo que hago no sirve\u201d, y \u201cno puedo o no s\u00e9 pensar\u201d, lo que te lleva a colocarte por debajo de los otros, y a creer que no puedes competir.<\/p>\n<p>As\u00ed, se genera un sentimiento agresivo que s\u00f3lo diriges contra ti mismo, al que denominaremos FRUSTRACI\u00d3N. Hay un intenso temor al fracaso (<strong>Mimulus<\/strong>).<\/p>\n<p>Emoci\u00f3n b\u00e1sica predominante: la falta de confianza, que se traduce en expresiones como: \u201cyo tengo la culpa\u201d (<strong>Pine<\/strong>), \u201cno merezco que me quieran\u201d, \u201cno me atrevo\u201d, \u201cesto me pasa solamente a m\u00ed\u201d.<\/p>\n<p style=\"text-align: center;\"><strong>Flor de Bach asociada: Larch\u00a0<\/strong><\/p>\n<p><img loading=\"lazy\" decoding=\"async\" class=\" aligncenter\" src=\"http:\/\/www.institutobach.com.ar\/cursos\/images\/larch.jpg\" alt=\"Larch\" width=\"320\" height=\"240\" \/><\/p>\n","protected":false},"excerpt":{"rendered":"<p>Posici\u00f3n Existencial Yo estoy mal \/ t\u00fa est\u00e1s bien: Esta posici\u00f3n est\u00e1 caracterizada, fundamentalmente, por la falta de confianza e inseguridad en uno mismo. Es habitual que cuando te encuentras en Yo estoy mal \/ T\u00fa estas bien, sientas que no eres \u00fatil que no te vales por ti mismo, y necesitas de los otros [&hellip;]<\/p>\n","protected":false},"author":2,"featured_media":0,"comment_status":"closed","ping_status":"open","sticky":false,"template":"","format":"standard","meta":{"footnotes":""},"categories":[19,6],"tags":[],"_links":{"self":[{"href":"http:\/\/www.institutobach.com.ar\/cursos\/wp-json\/wp\/v2\/posts\/381"}],"collection":[{"href":"http:\/\/www.institutobach.com.ar\/cursos\/wp-json\/wp\/v2\/posts"}],"about":[{"href":"http:\/\/www.institutobach.com.ar\/cursos\/wp-json\/wp\/v2\/types\/post"}],"author":[{"embeddable":true,"href":"http:\/\/www.institutobach.com.ar\/cursos\/wp-json\/wp\/v2\/users\/2"}],"replies":[{"embeddable":true,"href":"http:\/\/www.institutobach.com.ar\/cursos\/wp-json\/wp\/v2\/comments?post=381"}],"version-history":[{"count":4,"href":"http:\/\/www.institutobach.com.ar\/cursos\/wp-json\/wp\/v2\/posts\/381\/revisions"}],"predecessor-version":[{"id":385,"href":"http:\/\/www.institutobach.com.ar\/cursos\/wp-json\/wp\/v2\/posts\/381\/revisions\/385"}],"wp:attachment":[{"href":"http:\/\/www.institutobach.com.ar\/cursos\/wp-json\/wp\/v2\/media?parent=381"}],"wp:term":[{"taxonomy":"category","embeddable":true,"href":"http:\/\/www.institutobach.com.ar\/cursos\/wp-json\/wp\/v2\/categories?post=381"},{"taxonomy":"post_tag","embeddable":true,"href":"http:\/\/www.institutobach.com.ar\/cursos\/wp-json\/wp\/v2\/tags?post=381"}],"curies":[{"name":"wp","href":"https:\/\/api.w.org\/{rel}","templated":true}]}}