{"id":28,"date":"2012-10-02T19:43:06","date_gmt":"2012-10-02T22:43:06","guid":{"rendered":"http:\/\/www.institutobach.com.ar\/cursos\/?p=28"},"modified":"2012-10-02T19:44:52","modified_gmt":"2012-10-02T22:44:52","slug":"los-miedos-y-mimulus","status":"publish","type":"post","link":"http:\/\/www.institutobach.com.ar\/cursos\/notas\/los-miedos-y-mimulus\/","title":{"rendered":"Los miedos y Mimulus"},"content":{"rendered":"<p style=\"text-align: center;\">MIMULUS<\/p>\n<p style=\"text-align: left;\">\n<p>Mucho se habla de los miedos, ellos se han instalado en nuestra forma de vida, acarreando algunas veces una inmovilidad dif\u00edcil de superar.<\/p>\n<p style=\"text-align: center;\" lang=\"es-ES\"><img loading=\"lazy\" decoding=\"async\" class=\"aligncenter\" title=\"Flores de Bach - Mimulus\" src=\"http:\/\/www.institutobach.com.ar\/images\/flores\/mimulus.jpg\" alt=\"\" width=\"244\" height=\"300\" \/><\/p>\n<p>No siempre es una emoci\u00f3n negativa, ya que el miedo es natural, y estando equilibrado es una herramienta \u00fatil para la supervivencia. Pero desequilibrado, o exagerado y desproporcionado, juega en contra, y nos impide desarrollarnos y evolucionar.<\/p>\n<p>El miedo normal nos lleva a tomar determinadas precauciones \u00fatiles para nuestro bienestar, en cambio, el miedo en desequilibrio nos lleva a coartarnos a nosotros mismos en todas nuestras posibilidades.<\/p>\n<p>Para estos casos, contamos con la gran ayuda de Mimulus.<\/p>\n<p>Nos dice el Dr. Bach de Mimulus:<\/p>\n<p>\u201cPara el miedo a las cosas del mundo, tales como la enfermedad, el dolor, los accidentes, la pobreza, la oscuridad, la soledad, las desgracias. Los temores de la vida cotidiana. Estas personas soportan en silencio y secretamente sus miedos, sin hablarlos libremente con los dem\u00e1s\u201d.<\/p>\n<p>Y en su libro \u201cC\u00farese a Ud. mismo\u201d, se expresa as\u00ed acerca del miedo en nuestra era:<\/p>\n<p>\u201c En la era materialista, el miedo aumenta naturalmente con las posesiones terrenas (ya sea del propio cuerpo o riquezas externas), puesto que si tales cosas son nuestro mundo, al ser tan pasajeras, tan dif\u00edciles de lograr y tan imposibles de conservar, excepto lo que dura un suspiro, provocan en nosotros la m\u00e1s absoluta ansiedad, no sea que perdamos la oportunidad de conseguirlas, y necesariamente hemos de vivir en un estado constante de miedo, consciente o subconsciente, puesto que en nuestro fuero interno sabemos que en cualquier momento nos pueden arrebatar esas posesiones y que lo m\u00e1s que podemos conservarlas es una breve vida.<\/p>\n<p>En esta era, el miedo a la enfermedad ha aumentado hasta convertirse en un gran poder de da\u00f1ar, puesto que abre las puertas a las cosas que tememos, y as\u00ed \u00e9stas llegan m\u00e1s f\u00e1cilmente. Ese miedo es en realidad un inter\u00e9s ego\u00edsta, pues cuando realmente estamos absortos en el bienestar de los dem\u00e1s no tenemos tiempo de sentir aprensi\u00f3n ante nuestras enfermedades personales. El miedo est\u00e1 actualmente desempe\u00f1ando una importante labor de intensificaci\u00f3n de la enfermedad&#8230;\u201d<\/p>\n<p>Entonces, no nos dejemos ganar por el miedo, que no nos impida desarrollarnos y alcanzar las metas marcadas por el alma.<\/p>\n","protected":false},"excerpt":{"rendered":"<p>MIMULUS Mucho se habla de los miedos, ellos se han instalado en nuestra forma de vida, acarreando algunas veces una inmovilidad dif\u00edcil de superar. No siempre es una emoci\u00f3n negativa, ya que el miedo es natural, y estando equilibrado es una herramienta \u00fatil para la supervivencia. Pero desequilibrado, o exagerado y desproporcionado, juega en contra, [&hellip;]<\/p>\n","protected":false},"author":2,"featured_media":0,"comment_status":"open","ping_status":"open","sticky":false,"template":"","format":"standard","meta":{"footnotes":""},"categories":[16],"tags":[185,18],"_links":{"self":[{"href":"http:\/\/www.institutobach.com.ar\/cursos\/wp-json\/wp\/v2\/posts\/28"}],"collection":[{"href":"http:\/\/www.institutobach.com.ar\/cursos\/wp-json\/wp\/v2\/posts"}],"about":[{"href":"http:\/\/www.institutobach.com.ar\/cursos\/wp-json\/wp\/v2\/types\/post"}],"author":[{"embeddable":true,"href":"http:\/\/www.institutobach.com.ar\/cursos\/wp-json\/wp\/v2\/users\/2"}],"replies":[{"embeddable":true,"href":"http:\/\/www.institutobach.com.ar\/cursos\/wp-json\/wp\/v2\/comments?post=28"}],"version-history":[{"count":3,"href":"http:\/\/www.institutobach.com.ar\/cursos\/wp-json\/wp\/v2\/posts\/28\/revisions"}],"predecessor-version":[{"id":30,"href":"http:\/\/www.institutobach.com.ar\/cursos\/wp-json\/wp\/v2\/posts\/28\/revisions\/30"}],"wp:attachment":[{"href":"http:\/\/www.institutobach.com.ar\/cursos\/wp-json\/wp\/v2\/media?parent=28"}],"wp:term":[{"taxonomy":"category","embeddable":true,"href":"http:\/\/www.institutobach.com.ar\/cursos\/wp-json\/wp\/v2\/categories?post=28"},{"taxonomy":"post_tag","embeddable":true,"href":"http:\/\/www.institutobach.com.ar\/cursos\/wp-json\/wp\/v2\/tags?post=28"}],"curies":[{"name":"wp","href":"https:\/\/api.w.org\/{rel}","templated":true}]}}