{"id":1958,"date":"2026-06-06T22:39:08","date_gmt":"2026-06-07T01:39:08","guid":{"rendered":"https:\/\/www.institutobach.com.ar\/cursos\/?p=1958"},"modified":"2026-06-06T22:39:08","modified_gmt":"2026-06-07T01:39:08","slug":"flores-de-bach-interfaz-del-alma-sistema-autonomo-e-integracion-terapeutica","status":"publish","type":"post","link":"http:\/\/www.institutobach.com.ar\/cursos\/notas\/flores-de-bach-interfaz-del-alma-sistema-autonomo-e-integracion-terapeutica\/","title":{"rendered":"FLORES DE BACH: INTERFAZ DEL ALMA, SISTEMA AUT\u00d3NOMO E INTEGRACI\u00d3N TERAP\u00c9UTICA"},"content":{"rendered":"\n<p><strong>LOS ESCRITOS DEL INSTITUTO<br>Notas para Terapeutas Formadoras<\/strong><\/p>\n\n\n\n<hr class=\"wp-block-separator has-alpha-channel-opacity\"\/>\n\n\n\n<p><em>La presente reflexi\u00f3n no pretende describir literalmente el lenguaje vitalista utilizado por Bach en la transmisi\u00f3n de su obra ni sustituir la comprensi\u00f3n cl\u00e1sica de la misma. Propone una lectura de algunos de sus principios fundamentales desde marcos te\u00f3ricos desarrollados con posterioridad a Bach, vinculados a la conciencia, la integraci\u00f3n psicol\u00f3gica y los enfoques transpersonales, distinguiendo entre las formulaciones originales de su obra y las categor\u00edas conceptuales actuales.<\/em><\/p>\n\n\n\n<hr class=\"wp-block-separator has-alpha-channel-opacity\"\/>\n\n\n\n<h2 class=\"wp-block-heading\">La integraci\u00f3n de los distintos niveles de conciencia<\/h2>\n\n\n\n<p>El enfoque hol\u00edstico contempor\u00e1neo ha ampliado el trabajo terap\u00e9utico hacia dimensiones cada vez m\u00e1s amplias de la experiencia humana: lo emocional, lo mental y tambi\u00e9n lo espiritual o transpersonal.<\/p>\n\n\n\n<p>Sin embargo, toda experiencia m\u00e1s profunda necesita una base que le permita expresarse en la vida cotidiana.<\/p>\n\n\n\n<p>Una comprensi\u00f3n espiritual necesita poder sostenerse emocionalmente. Una vivencia de mayor conciencia necesita una personalidad capaz de traducirla en acciones, v\u00ednculos y decisiones concretas.<\/p>\n\n\n\n<p>As\u00ed como el desarrollo interior no elimina la necesidad de un cuerpo sano para vivir en el mundo, la expansi\u00f3n de la conciencia requiere una estructura emocional y mental que la acompa\u00f1e y la integre.<\/p>\n\n\n\n<p>Desde esta mirada, lo emocional y lo mental no son niveles inferiores, sino el espacio donde la experiencia humana se organiza y toma forma.<\/p>\n\n\n\n<p>Por eso, el trabajo sobre emociones, pensamientos y patrones de personalidad acompa\u00f1a todo proceso de desarrollo, sin importar su nivel.<\/p>\n\n\n\n<hr class=\"wp-block-separator has-alpha-channel-opacity\"\/>\n\n\n\n<h2 class=\"wp-block-heading\">La visi\u00f3n original de Bach: alma y personalidad<\/h2>\n\n\n\n<p>Esta idea tiene un fundamento claro en la obra de Edward Bach.<\/p>\n\n\n\n<p>Bach describi\u00f3 el conflicto humano como una falta de armon\u00eda entre el prop\u00f3sito del alma y la forma en que la personalidad lo expresa en la vida cotidiana.<\/p>\n\n\n\n<p>Cuando esa conexi\u00f3n se debilita, aparecen estados emocionales y mentales que reflejan ese desequilibrio.<\/p>\n\n\n\n<p>Desde esta perspectiva, las emociones no son algo separado, sino una expresi\u00f3n directa de la relaci\u00f3n entre alma y personalidad.<\/p>\n\n\n\n<p>Por eso, el trabajo con flores se orienta a ese punto de encuentro: el lugar donde lo m\u00e1s profundo del ser se manifiesta en la experiencia diaria.<\/p>\n\n\n\n<hr class=\"wp-block-separator has-alpha-channel-opacity\"\/>\n\n\n\n<h2 class=\"wp-block-heading\">La funci\u00f3n de las Flores de Bach<\/h2>\n\n\n\n<p>Las Flores de Bach pueden entenderse como un sistema que trabaja en ese punto de contacto entre lo interno profundo y su expresi\u00f3n en la vida cotidiana.<\/p>\n\n\n\n<p>No act\u00faan sobre ideas abstractas o conceptos espirituales, sino sobre la manera en que esos estados se viven emocional y mentalmente.<\/p>\n\n\n\n<p>Por eso, no compiten con otros enfoques terap\u00e9uticos que trabajan niveles m\u00e1s amplios de conciencia. M\u00e1s bien, los complementan, ayudando a que esas experiencias puedan integrarse de forma estable.<\/p>\n\n\n\n<hr class=\"wp-block-separator has-alpha-channel-opacity\"\/>\n\n\n\n<h2 class=\"wp-block-heading\">Bach dentro de otras pr\u00e1cticas terap\u00e9uticas<\/h2>\n\n\n\n<p>Una de las cualidades m\u00e1s interesantes del sistema de Bach es que puede integrarse en distintas pr\u00e1cticas terap\u00e9uticas sin perder su identidad.<\/p>\n\n\n\n<p>Hoy es frecuente encontrar su uso en contextos como:<\/p>\n\n\n\n<ul>\n<li>Astrolog\u00eda<\/li>\n\n\n\n<li>Coaching<\/li>\n\n\n\n<li>Counseling<\/li>\n\n\n\n<li>Constelaciones familiares<\/li>\n\n\n\n<li>Reiki<\/li>\n\n\n\n<li>Yoga<\/li>\n\n\n\n<li>Mindfulness<\/li>\n\n\n\n<li>Lecturas simb\u00f3licas o arquet\u00edpicas<\/li>\n\n\n\n<li>Enfoques transpersonales<\/li>\n<\/ul>\n\n\n\n<p>En estos casos, las flores se utilizan como apoyo para acompa\u00f1ar procesos emocionales dentro de cada enfoque.<\/p>\n\n\n\n<p>Esta integraci\u00f3n es posible porque el sistema de Bach es claro, coherente y estable en su prop\u00f3sito.<\/p>\n\n\n\n<hr class=\"wp-block-separator has-alpha-channel-opacity\"\/>\n\n\n\n<h2 class=\"wp-block-heading\">Integrar no es reinterpretar<\/h2>\n\n\n\n<p>Que las Flores de Bach se utilicen dentro de otros sistemas no significa que deban redefinirse seg\u00fan esos sistemas.<\/p>\n\n\n\n<p>Cada pr\u00e1ctica puede mantener su propio lenguaje y su propio marco te\u00f3rico.<\/p>\n\n\n\n<p>Las Flores de Bach no necesitan cambiar su identidad para ser \u00fatiles dentro de otros enfoques.<\/p>\n\n\n\n<p>Su valor est\u00e1 precisamente en que pueden acompa\u00f1ar procesos humanos sin confundirse con el marco en el que se las utiliza.<\/p>\n\n\n\n<hr class=\"wp-block-separator has-alpha-channel-opacity\"\/>\n\n\n\n<h2 class=\"wp-block-heading\">Bach como sistema completo<\/h2>\n\n\n\n<p>Al mismo tiempo, las Flores de Bach forman un sistema completo en s\u00ed mismo.<\/p>\n\n\n\n<p>Pueden utilizarse desde la observaci\u00f3n de los estados emocionales, los patrones de personalidad y la experiencia individual de cada persona.<\/p>\n\n\n\n<p>Tal como fue desarrollado originalmente, el sistema no requiere otros marcos para ser aplicado con coherencia.<\/p>\n\n\n\n<hr class=\"wp-block-separator has-alpha-channel-opacity\"\/>\n\n\n\n<h2 class=\"wp-block-heading\">Dos formas leg\u00edtimas de trabajo<\/h2>\n\n\n\n<p>Desde esta perspectiva, existen dos formas principales de utilizar el sistema:<\/p>\n\n\n\n<ul>\n<li>Como acompa\u00f1amiento dentro de otras pr\u00e1cticas terap\u00e9uticas.<\/li>\n\n\n\n<li>Como sistema terap\u00e9utico aut\u00f3nomo.<\/li>\n<\/ul>\n\n\n\n<p>Ninguna de las dos es superior a la otra. Son formas distintas de abordar el acompa\u00f1amiento humano.<\/p>\n\n\n\n<hr class=\"wp-block-separator has-alpha-channel-opacity\"\/>\n\n\n\n<h2 class=\"wp-block-heading\">S\u00edntesis final<\/h2>\n\n\n\n<p>Las Flores de Bach ocupan un lugar particular dentro del campo terap\u00e9utico actual.<\/p>\n\n\n\n<p>Pueden comprenderse como un sistema que acompa\u00f1a la relaci\u00f3n entre lo m\u00e1s profundo del ser y su expresi\u00f3n emocional y mental.<\/p>\n\n\n\n<p>Pueden integrarse dentro de otros enfoques sin perder su identidad.<\/p>\n\n\n\n<p>Y tambi\u00e9n pueden sostenerse como un sistema completo e independiente.<\/p>\n\n\n\n<p>En esa flexibilidad \u2014ser sistema aut\u00f3nomo y, al mismo tiempo, sistema integrable\u2014 radica gran parte de la vigencia del trabajo desarrollado por Edward Bach.<\/p>\n\n\n<div class=\"wp-block-image\">\n<figure class=\"aligncenter size-large\"><a href=\"https:\/\/www.institutobach.com.ar\/escritos\/flores-de-bach-la-interfaz-indispensable.pdf\" target=\"_blank\" rel=\"noreferrer noopener\"><img decoding=\"async\" src=\"https:\/\/www.institutobach.com.ar\/images\/pdf.png\" alt=\"\"\/><\/a><\/figure><\/div>","protected":false},"excerpt":{"rendered":"<p>LOS ESCRITOS DEL INSTITUTONotas para Terapeutas Formadoras La presente reflexi\u00f3n no pretende describir literalmente el lenguaje vitalista utilizado por Bach en la transmisi\u00f3n de su obra ni sustituir la comprensi\u00f3n cl\u00e1sica de la misma. Propone una lectura de algunos de sus principios fundamentales desde marcos te\u00f3ricos desarrollados con posterioridad a Bach, vinculados a la conciencia, [&hellip;]<\/p>\n","protected":false},"author":2,"featured_media":0,"comment_status":"closed","ping_status":"open","sticky":false,"template":"","format":"standard","meta":{"footnotes":""},"categories":[22,36,197,16,198],"tags":[],"_links":{"self":[{"href":"http:\/\/www.institutobach.com.ar\/cursos\/wp-json\/wp\/v2\/posts\/1958"}],"collection":[{"href":"http:\/\/www.institutobach.com.ar\/cursos\/wp-json\/wp\/v2\/posts"}],"about":[{"href":"http:\/\/www.institutobach.com.ar\/cursos\/wp-json\/wp\/v2\/types\/post"}],"author":[{"embeddable":true,"href":"http:\/\/www.institutobach.com.ar\/cursos\/wp-json\/wp\/v2\/users\/2"}],"replies":[{"embeddable":true,"href":"http:\/\/www.institutobach.com.ar\/cursos\/wp-json\/wp\/v2\/comments?post=1958"}],"version-history":[{"count":1,"href":"http:\/\/www.institutobach.com.ar\/cursos\/wp-json\/wp\/v2\/posts\/1958\/revisions"}],"predecessor-version":[{"id":1959,"href":"http:\/\/www.institutobach.com.ar\/cursos\/wp-json\/wp\/v2\/posts\/1958\/revisions\/1959"}],"wp:attachment":[{"href":"http:\/\/www.institutobach.com.ar\/cursos\/wp-json\/wp\/v2\/media?parent=1958"}],"wp:term":[{"taxonomy":"category","embeddable":true,"href":"http:\/\/www.institutobach.com.ar\/cursos\/wp-json\/wp\/v2\/categories?post=1958"},{"taxonomy":"post_tag","embeddable":true,"href":"http:\/\/www.institutobach.com.ar\/cursos\/wp-json\/wp\/v2\/tags?post=1958"}],"curies":[{"name":"wp","href":"https:\/\/api.w.org\/{rel}","templated":true}]}}