{"id":1937,"date":"2026-05-04T18:35:24","date_gmt":"2026-05-04T21:35:24","guid":{"rendered":"https:\/\/www.institutobach.com.ar\/cursos\/?p=1937"},"modified":"2026-05-04T23:40:50","modified_gmt":"2026-05-05T02:40:50","slug":"la-profundidad-en-el-sistema-de-edward-bach","status":"publish","type":"post","link":"http:\/\/www.institutobach.com.ar\/cursos\/notas\/la-profundidad-en-el-sistema-de-edward-bach\/","title":{"rendered":"La profundidad en el sistema de Edward Bach"},"content":{"rendered":"\n<p class=\"has-text-align-center\"><strong>LOS ESCRITOS DEL INSTITUTO<br>Notas para Terapeutas Formadoras<\/strong><\/p>\n\n\n\n<p class=\"has-text-align-center\"><strong>Una mirada desde el marco original<\/strong><\/p>\n\n\n\n<hr class=\"wp-block-separator has-alpha-channel-opacity\"\/>\n\n\n\n<p><strong>\u00bfM\u00e1s profundo, m\u00e1s espec\u00edfico\u2026 o m\u00e1s individualizado?<\/strong><\/p>\n\n\n\n<h3 class=\"wp-block-heading\">Profundidad, especificidad e individualizaci\u00f3n en el sistema de Edward Bach<\/h3>\n\n\n\n<p>En el campo de las esencias florales, es frecuente escuchar que ciertos enfoques buscan \u201cir m\u00e1s profundo\u201d o ser \u201cm\u00e1s espec\u00edficos\u201d.<\/p>\n\n\n\n<p>Pero, \u00bfqu\u00e9 significan realmente estas ideas dentro del sistema desarrollado por Edward Bach?<\/p>\n\n\n\n<hr class=\"wp-block-separator has-alpha-channel-opacity\"\/>\n\n\n\n<h3 class=\"wp-block-heading\">La individualizaci\u00f3n como eje del m\u00e9todo<\/h3>\n\n\n\n<p>Dos personas pueden atravesar la misma situaci\u00f3n\u2026 y necesitar esencias diferentes.<br>O vivir experiencias muy distintas\u2026 y necesitar la misma esencia.<\/p>\n\n\n\n<p>Este principio responde a la <strong>individualizaci\u00f3n<\/strong>, un concepto que el Dr. Bach ya conoc\u00eda a partir de su formaci\u00f3n en homeopat\u00eda, y que constituye uno de los pilares de su sistema.<\/p>\n\n\n\n<p>Desde esta perspectiva, las esencias florales no se indican en funci\u00f3n de situaciones externas, sino de la <strong>forma singular en que cada persona las vive<\/strong>.<\/p>\n\n\n\n<p>Por eso, la precisi\u00f3n del m\u00e9todo no radica en identificar correctamente la situaci\u00f3n, sino en reconocer con claridad el estado mental y emocional del individuo.<\/p>\n\n\n\n<hr class=\"wp-block-separator has-alpha-channel-opacity\"\/>\n\n\n\n<h3 class=\"wp-block-heading\">\u00bfQu\u00e9 significa \u201cser m\u00e1s espec\u00edfico\u201d?<\/h3>\n\n\n\n<p>En muchos enfoques contempor\u00e1neos, la idea de especificidad se traduce en asignar una esencia a cada situaci\u00f3n particular.<\/p>\n\n\n\n<p>Sin embargo, este tipo de planteo implica un desplazamiento del eje original del sistema de Bach:<br>se pasa de la observaci\u00f3n de la persona a la clasificaci\u00f3n de escenarios.<\/p>\n\n\n\n<p>En el modelo de Bach, la verdadera especificidad no est\u00e1 en la situaci\u00f3n,<br>sino en la <strong>respuesta individual<\/strong>.<\/p>\n\n\n\n<hr class=\"wp-block-separator has-alpha-channel-opacity\"\/>\n\n\n\n<h3 class=\"wp-block-heading\">Un m\u00e9todo sint\u00e9tico, no simplificado<\/h3>\n\n\n\n<p>El sistema desarrollado por Edward Bach ya fue concebido como un m\u00e9todo completo, profundo, espec\u00edfico e individualizado.<\/p>\n\n\n\n<p>Cada esencia corresponde a un estado mental claro, observable y din\u00e1mico.<\/p>\n\n\n\n<p>Lejos de ser un enfoque \u201csimple\u201d, se trata de un modelo <strong>sint\u00e9tico<\/strong>, cuya profundidad reside en la capacidad del terapeuta para percibir con precisi\u00f3n estas tipolog\u00edas mentales.<\/p>\n\n\n\n<hr class=\"wp-block-separator has-alpha-channel-opacity\"\/>\n\n\n\n<h3 class=\"wp-block-heading\">Sobre los enfoques contempor\u00e1neos<\/h3>\n\n\n\n<p>En la actualidad, existen corrientes que incorporan lecturas simb\u00f3licas, vibracionales o arquet\u00edpicas de las esencias.<\/p>\n\n\n\n<p>Estos enfoques pueden resultar v\u00e1lidos dentro de sus propios marcos te\u00f3ricos, aunque no siempre explicitan dichas bases, lo que puede llevar a que se los interprete como una ampliaci\u00f3n del sistema de Edward Bach, cuando en realidad responden a marcos conceptuales diferentes.<\/p>\n\n\n\n<p>Es importante se\u00f1alar que este tipo de interpretaciones no necesariamente profundizan el sistema desarrollado por Bach; en muchos casos, lo reconfiguran dentro de otro paradigma conceptual.<\/p>\n\n\n\n<hr class=\"wp-block-separator has-alpha-channel-opacity\"\/>\n\n\n\n<h3 class=\"wp-block-heading\">Profundidad y observaci\u00f3n<\/h3>\n\n\n\n<p>Tal vez la profundidad no resida en agregar nuevos significados a las flores de Bach ni en multiplicar indicaciones.<\/p>\n\n\n\n<p>Sino en <strong>afinar la observaci\u00f3n<\/strong>.<\/p>\n\n\n\n<p>En desarrollar la capacidad de reconocer con mayor claridad aquello que Bach ya describi\u00f3 con precisi\u00f3n.<\/p>\n\n\n\n<hr class=\"wp-block-separator has-alpha-channel-opacity\"\/>\n\n\n\n<h3 class=\"wp-block-heading\">Una pregunta necesaria<\/h3>\n\n\n\n<p>En la pr\u00e1ctica cl\u00ednica y en la formaci\u00f3n, esto abre una pregunta fundamental:<\/p>\n\n\n\n<p><strong>\u00bfDesde qu\u00e9 marco te\u00f3rico estamos trabajando cuando indicamos una esencia floral?<\/strong><\/p>\n\n\n\n<p>Sostener esta claridad no solo aporta coherencia al ejercicio terap\u00e9utico, sino tambi\u00e9n fidelidad al modelo original desarrollado por Edward Bach.<br><\/p>\n\n\n\n<hr class=\"wp-block-separator has-alpha-channel-opacity\"\/>\n\n\n\n<h3 class=\"wp-block-heading has-text-align-center\">*<br><br><strong>Criterios del enfoque formativo del Instituto<\/strong>:<\/h3>\n\n\n\n<p class=\"has-text-align-center\"><strong>Precisi\u00f3n en la transmisi\u00f3n del sistema original.<br>Precisi\u00f3n en la elaboraci\u00f3n de los concentrados.<br>Para que en la pr\u00e1ctica aparezcan la libertad, la intuici\u00f3n y la sensibilidad del terapeuta, con mayor claridad en la lectura de cada proceso terap\u00e9utico.<\/strong><\/p>\n\n\n\n<hr class=\"wp-block-separator has-alpha-channel-opacity\"\/>\n\n\n\n<p><strong>Glosario del enfoque<\/strong>:<\/p>\n\n\n\n<hr class=\"wp-block-separator has-alpha-channel-opacity\"\/>\n\n\n\n<h2 class=\"wp-block-heading\">Mini glosario:<\/h2>\n\n\n\n<h3 class=\"wp-block-heading\"><strong>Enfoque<\/strong><\/h3>\n\n\n\n<p>La forma espec\u00edfica de comprender y trabajar el sistema de Edward Bach.<br>Define c\u00f3mo se interpreta y aplica el conocimiento.<\/p>\n\n\n\n<hr class=\"wp-block-separator has-alpha-channel-opacity\"\/>\n\n\n\n<h3 class=\"wp-block-heading\"><strong>Mapa de comprensi\u00f3n<\/strong><\/h3>\n\n\n\n<p>La estructura que organiza lo que se observa en la pr\u00e1ctica terap\u00e9utica.<br>Permite distinguir qu\u00e9 se est\u00e1 leyendo y desde qu\u00e9 l\u00f3gica.<\/p>\n\n\n\n<hr class=\"wp-block-separator has-alpha-channel-opacity\"\/>\n\n\n\n<h3 class=\"wp-block-heading\"><strong>Lectura terap\u00e9utica<\/strong><\/h3>\n\n\n\n<p>La manera en que se interpreta el estado emocional o mental de una persona dentro del sistema Bach.<br>No es interpretaci\u00f3n libre: es lectura guiada por un marco coherente.<\/p>\n\n\n\n<hr class=\"wp-block-separator has-alpha-channel-opacity\"\/>\n\n\n\n<h3 class=\"wp-block-heading\"><strong>Tipolog\u00eda mental<\/strong><\/h3>\n\n\n\n<p>Patr\u00f3n estable de respuesta emocional o ps\u00edquica al conflicto interno.<br>Base del sistema original de Bach.<\/p>\n\n\n\n<hr class=\"wp-block-separator has-alpha-channel-opacity\"\/>\n\n\n\n<h3 class=\"wp-block-heading\"><strong>Sistema original<\/strong><\/h3>\n\n\n\n<p>El conjunto de principios y descripciones tal como fueron formulados en la etapa final de Bach (1936), sin reinterpretaciones posteriores.<\/p>\n\n\n\n<hr class=\"wp-block-separator has-alpha-channel-opacity\"\/>\n\n\n\n<h3 class=\"wp-block-heading\"><strong>Concentrados (esencias)<\/strong><\/h3>\n\n\n\n<p>Preparaciones florales utilizadas dentro del sistema Bach, aplicadas seg\u00fan correspondencia con tipolog\u00edas mentales espec\u00edficas.<\/p>\n\n\n\n<hr class=\"wp-block-separator has-alpha-channel-opacity\"\/>\n\n\n\n<h3 class=\"wp-block-heading\"><strong>Proceso terap\u00e9utico<\/strong><\/h3>\n\n\n\n<p>Espacio de acompa\u00f1amiento donde se observa, comprende y acompa\u00f1a un estado emocional a trav\u00e9s del sistema floral.<\/p>\n\n\n<div class=\"wp-block-image\">\n<figure class=\"aligncenter size-large\"><a href=\"https:\/\/www.institutobach.com.ar\/escritos\/la-profundidad-en-el-sistema-bach.pdf\" target=\"_blank\" rel=\"noreferrer noopener\"><img decoding=\"async\" src=\"https:\/\/www.institutobach.com.ar\/images\/pdf.png\" alt=\"\"\/><\/a><\/figure><\/div>","protected":false},"excerpt":{"rendered":"<p>LOS ESCRITOS DEL INSTITUTONotas para Terapeutas Formadoras Una mirada desde el marco original \u00bfM\u00e1s profundo, m\u00e1s espec\u00edfico\u2026 o m\u00e1s individualizado? Profundidad, especificidad e individualizaci\u00f3n en el sistema de Edward Bach En el campo de las esencias florales, es frecuente escuchar que ciertos enfoques buscan \u201cir m\u00e1s profundo\u201d o ser \u201cm\u00e1s espec\u00edficos\u201d. Pero, \u00bfqu\u00e9 significan realmente [&hellip;]<\/p>\n","protected":false},"author":2,"featured_media":0,"comment_status":"closed","ping_status":"open","sticky":false,"template":"","format":"standard","meta":{"footnotes":""},"categories":[177,22,36,17,197,199,16,198],"tags":[],"_links":{"self":[{"href":"http:\/\/www.institutobach.com.ar\/cursos\/wp-json\/wp\/v2\/posts\/1937"}],"collection":[{"href":"http:\/\/www.institutobach.com.ar\/cursos\/wp-json\/wp\/v2\/posts"}],"about":[{"href":"http:\/\/www.institutobach.com.ar\/cursos\/wp-json\/wp\/v2\/types\/post"}],"author":[{"embeddable":true,"href":"http:\/\/www.institutobach.com.ar\/cursos\/wp-json\/wp\/v2\/users\/2"}],"replies":[{"embeddable":true,"href":"http:\/\/www.institutobach.com.ar\/cursos\/wp-json\/wp\/v2\/comments?post=1937"}],"version-history":[{"count":5,"href":"http:\/\/www.institutobach.com.ar\/cursos\/wp-json\/wp\/v2\/posts\/1937\/revisions"}],"predecessor-version":[{"id":1943,"href":"http:\/\/www.institutobach.com.ar\/cursos\/wp-json\/wp\/v2\/posts\/1937\/revisions\/1943"}],"wp:attachment":[{"href":"http:\/\/www.institutobach.com.ar\/cursos\/wp-json\/wp\/v2\/media?parent=1937"}],"wp:term":[{"taxonomy":"category","embeddable":true,"href":"http:\/\/www.institutobach.com.ar\/cursos\/wp-json\/wp\/v2\/categories?post=1937"},{"taxonomy":"post_tag","embeddable":true,"href":"http:\/\/www.institutobach.com.ar\/cursos\/wp-json\/wp\/v2\/tags?post=1937"}],"curies":[{"name":"wp","href":"https:\/\/api.w.org\/{rel}","templated":true}]}}