{"id":1935,"date":"2026-04-18T23:27:43","date_gmt":"2026-04-19T02:27:43","guid":{"rendered":"https:\/\/www.institutobach.com.ar\/cursos\/?p=1935"},"modified":"2026-04-18T23:27:43","modified_gmt":"2026-04-19T02:27:43","slug":"dolor-fisico-y-flores-de-bach-que-dice-el-dr-bach","status":"publish","type":"post","link":"http:\/\/www.institutobach.com.ar\/cursos\/notas\/dolor-fisico-y-flores-de-bach-que-dice-el-dr-bach\/","title":{"rendered":"Dolor f\u00edsico y Flores de Bach: qu\u00e9 dice el Dr. Bach"},"content":{"rendered":"\n<p class=\"has-text-align-center\"><strong>LOS ESCRITOS DEL INSTITUTO<br>Notas para Terapeutas Formadoras<\/strong><\/p>\n\n\n\n<p class=\"has-text-align-center\"><strong>Una mirada desde el marco original<\/strong><\/p>\n\n\n\n<hr class=\"wp-block-separator has-alpha-channel-opacity\"\/>\n\n\n\n<p><strong>Dolor f\u00edsico y Flores de Bach: qu\u00e9 dice el Dr. Bach<\/strong>:<\/p>\n\n\n\n<p><strong><br>\u00bfEl Dr. Bach indicaba sus flores a partir del nombre de una enfermedad\u2026 o de la parte del cuerpo afectada?<\/strong><\/p>\n\n\n\n<p>Si revisamos con atenci\u00f3n la obra de Edward Bach, encontramos que en algunos escritos tempranos (alrededor de 1933\u20131934) pueden aparecer menciones generales a dolencias o zonas del cuerpo. Sin embargo, lo verdaderamente importante es observar c\u00f3mo evoluciona su pensamiento.<\/p>\n\n\n\n<p>En sus textos finales \u2014especialmente en la versi\u00f3n definitiva de <em>The Twelve Healers and Other Remedies<\/em>\u2014 Bach deja un criterio claro:<\/p>\n\n\n\n<p>Las Flores de Bach <strong>no se eligen por la enfermedad, ni por el s\u00edntoma f\u00edsico, ni por la parte del cuerpo afectada<\/strong>.<\/p>\n\n\n\n<p>El foco est\u00e1 puesto en otra dimensi\u00f3n:<\/p>\n\n\n\n<p>en c\u00f3mo la persona vive, siente y responde internamente a su experiencia.<\/p>\n\n\n\n<p>Y este punto no es casual. Forma parte de la coherencia de todo su recorrido.<\/p>\n\n\n\n<p>Antes de desarrollar las flores, Bach ya trabajaba dentro del campo de la homeopat\u00eda, investigando con nosodes y observando que pacientes con distintos diagn\u00f3sticos compart\u00edan formas similares de reaccionar, sentir y pensar, y que pod\u00edan agruparse no solo por sus cuadros cl\u00ednicos, sino por <strong>tipos de personalidad o tipos caracter\u00edsticos de respuesta<\/strong>.<\/p>\n\n\n\n<p>Es decir, desde etapas tempranas de su trabajo, su mirada se orientaba hacia <strong>tipos de personalidad<\/strong>, m\u00e1s que hacia enfermedades u \u00f3rganos aislados.<\/p>\n\n\n\n<p>En ese sentido, el sistema floral no rompe con su trayectoria: la profundiza y la simplifica.<\/p>\n\n\n\n<p>Consolida un enfoque en el que lo central no es la patolog\u00eda, sino el estado interno de la persona.<br>Como el propio Edward Bach lo expres\u00f3 con claridad:<\/p>\n\n\n\n<p>\u201c<strong>No tratemos la enfermedad, sino al paciente que la padece.\u201d<\/strong><\/p>\n\n\n\n<p>Por eso, Bach no propone interpretar el cuerpo como un s\u00edmbolo, ni traducir un dolor en un significado oculto.<\/p>\n\n\n\n<p>Propone algo m\u00e1s directo \u2014y m\u00e1s exigente\u2014: <strong>observar la mente<\/strong>.<\/p>\n\n\n\n<p>Cuando hablamos de \u201cestado mental\u201d en el sentido en que lo planteaba Bach, no nos referimos a algo material ni localizado en el cuerpo.<\/p>\n\n\n\n<p>Se trata de una vivencia interna, sutil pero claramente reconocible: miedo, incertidumbre, tensi\u00f3n, des\u00e1nimo, impaciencia.<\/p>\n\n\n\n<p>No es necesario interpretarla ni traducirla a partir de signos externos: puede observarse directamente en la forma en que la persona se expresa, siente y atraviesa su experiencia.<\/p>\n\n\n\n<p>Justamente por eso, el enfoque de Edward Bach evita leer el cuerpo como s\u00edmbolo, y dirige la atenci\u00f3n hacia la experiencia interna tal como es vivida.<\/p>\n\n\n\n<p>Lo sutil, en este contexto, no implica interpretaci\u00f3n: puede ser percibido directamente, sin necesidad de traducirlo en significados ocultos.<\/p>\n\n\n\n<p>De este modo, se evita la ambig\u00fcedad interpretativa y se sostiene un criterio de observaci\u00f3n claro, preciso y compartible.<\/p>\n\n\n\n<p>Observar la mente implica mirar hacia dentro:<\/p>\n\n\n\n<p>\u2013 reconocer estados como el miedo, la incertidumbre, la impaciencia o la rigidez<br>\u2013 identificar actitudes sostenidas en el tiempo<\/p>\n\n\n\n<p>\u2013 comprender c\u00f3mo esas formas de ser influyen en el bienestar<\/p>\n\n\n\n<p>Este enfoque es notablemente claro y evita ambig\u00fcedades:<\/p>\n\n\n\n<p>no requiere traducir, interpretar ni decodificar el cuerpo, sino <strong>percibir con precisi\u00f3n estados internos<\/strong>.<\/p>\n\n\n\n<p>Hoy conviven distintos enfoques dentro del campo floral. Algunos interpretan lecturas simb\u00f3licas del cuerpo, asociaciones con zonas f\u00edsicas o reinterpretaciones desde marcos psicol\u00f3gicos o energ\u00e9ticos-vibracionales.<\/p>\n\n\n\n<p>Son reinterpretaciones desarrolladas desde marcos te\u00f3ricos diferentes al que pertenec\u00eda Bach y al propuesto por Bach, que pueden resultar valiosas en otros contextos.<\/p>\n\n\n\n<p>Sin embargo, es importante reconocer, para no generar confusiones, que no corresponden al modelo original que \u00e9l dej\u00f3 claramente establecido en su etapa final.<\/p>\n\n\n\n<p>Recuperar ese modelo no implica volver al pasado, sino <strong>preservar la claridad de una obra cuidadosamente construida<\/strong>.<\/p>\n\n\n\n<p>Un sistema que no se basa en la enfermedad, sino en la persona; no en el s\u00edntoma, sino en el estado mental.<\/p>\n\n\n\n<p>Lejos de volverse obsoleto, este enfoque contin\u00faa mostrando su vigencia, precisamente porque no depende de interpretaciones cambiantes, sino de un principio claro: <strong>observar el estado interno de la persona, que no depende de la situaci\u00f3n en s\u00ed, sino de la forma en que cada individuo responde a ella <\/strong>.<\/p>\n\n\n\n<p><strong>Conclusi\u00f3n<\/strong>:<br>Edward Bach <strong>s\u00ed mencion\u00f3 en alg\u00fan momento referencias a partes del cuerpo o dolencias<\/strong>, pero:<\/p>\n\n\n\n<ul>\n<li>Eso aparece en <strong>etapas transicionales<\/strong> de su trabajo (alrededor de 1933\u20131934).<\/li>\n\n\n\n<li><strong>No queda en su formulaci\u00f3n final<\/strong>.<\/li>\n\n\n\n<li>En los textos definitivos (como la versi\u00f3n final de <em>The Twelve Healers and Other Remedies<\/em>):\n<ul>\n<li>elimina referencias a enfermedades f\u00edsicas<\/li>\n\n\n\n<li>centra todo en <strong>estados mentales\/emocionales<\/strong><\/li>\n\n\n\n<li>insiste en que <strong>no se prescribe por diagn\u00f3stico ni s\u00edntoma f\u00edsico<\/strong><\/li>\n<\/ul>\n<\/li>\n<\/ul>\n\n\n\n<p><br>Hubo menciones, pero <strong>no forman parte del sistema maduro<\/strong>.<\/p>\n\n\n\n<p>\u201cBach abandon\u00f3 cualquier referencia al cuerpo como criterio de indicaci\u00f3n y consolid\u00f3 un sistema basado exclusivamente en estados mentales.\u201d<\/p>\n\n\n\n<p>Bach propone <strong>observaci\u00f3n interna directa<\/strong><\/p>\n\n\n\n<ul>\n<li>no interpretaci\u00f3n simb\u00f3lica<\/li>\n\n\n\n<li>no lectura externa del cuerpo<\/li>\n<\/ul>\n\n\n\n<p>Este modo de trabajo tambi\u00e9n tiene implicancias en el v\u00ednculo terap\u00e9utico.<br>Al centrarse en la experiencia interna tal como la persona la expresa, el terapeuta no se posiciona como int\u00e9rprete de significados ocultos, sino como alguien que acompa\u00f1a, escucha y favorece la claridad.<\/p>\n\n\n\n<p>Esto promueve un v\u00ednculo m\u00e1s horizontal, donde la comprensi\u00f3n surge del propio paciente, en lugar de ser indicada desde afuera.<\/p>\n\n\n\n<p>Valoramos profundamente tu intuici\u00f3n como terapeuta hol\u00edstica.<\/p>\n\n\n\n<p><br>La intuici\u00f3n \u2014cuando nace de la presencia, de la escucha verdadera y del amor por quien consulta\u2014 es una herramienta preciosa.<\/p>\n\n\n\n<p><br>El mismo Bach confi\u00f3 en su intuici\u00f3n para crear su sistema.<\/p>\n\n\n\n<p><br>Pero incluso \u00e9l recordaba que la intuici\u00f3n florece mejor cuando primero escuchamos a la persona en sus propias palabras.<\/p>\n\n\n\n<p><br>En el Instituto Argentino de Flores de Bach honramos este enfoque:<\/p>\n\n\n\n<p><img loading=\"lazy\" decoding=\"async\" src=\"https:\/\/static.xx.fbcdn.net\/images\/emoji.php\/v9\/t1e\/1\/16\/1f33f.png\" alt=\"?\" width=\"16\" height=\"16\"> preguntar antes que interpretar<\/p>\n\n\n\n<p><img loading=\"lazy\" decoding=\"async\" src=\"https:\/\/static.xx.fbcdn.net\/images\/emoji.php\/v9\/t1e\/1\/16\/1f33f.png\" alt=\"?\" width=\"16\" height=\"16\"> acompa\u00f1ar antes que analizar<\/p>\n\n\n\n<p><img loading=\"lazy\" decoding=\"async\" src=\"https:\/\/static.xx.fbcdn.net\/images\/emoji.php\/v9\/t1e\/1\/16\/1f33f.png\" alt=\"?\" width=\"16\" height=\"16\"> comprender antes que proyectar<\/p>\n\n\n\n<p><br>As\u00ed preservamos la pureza y la profundidad del sistema, tal como Bach lo dej\u00f3 por escrito:<\/p>\n\n\n\n<p>una herramienta sencilla, humana y profundamente emp\u00e1tica para quienes buscan equilibrio.<\/p>\n\n\n\n<p><br>Que cada consulta sea un espacio de verdad.<\/p>\n\n\n\n<p>Que cada terapeuta sea un puente, no un int\u00e9rprete.<\/p>\n\n\n\n<p>Que cada esencia hable al alma\u2026 porque el alma siempre sabe.<\/p>\n\n\n\n<p><\/p>\n\n\n<div class=\"wp-block-image\">\n<figure class=\"aligncenter size-large\"><a href=\"https:\/\/www.institutobach.com.ar\/escritos\/dolor-fisico-y-flores-de-bach.pdf\" target=\"_blank\" rel=\"noreferrer noopener\"><img decoding=\"async\" src=\"https:\/\/www.institutobach.com.ar\/images\/pdf.png\" alt=\"\"\/><\/a><\/figure><\/div>","protected":false},"excerpt":{"rendered":"<p>LOS ESCRITOS DEL INSTITUTONotas para Terapeutas Formadoras Una mirada desde el marco original Dolor f\u00edsico y Flores de Bach: qu\u00e9 dice el Dr. Bach: \u00bfEl Dr. Bach indicaba sus flores a partir del nombre de una enfermedad\u2026 o de la parte del cuerpo afectada? Si revisamos con atenci\u00f3n la obra de Edward Bach, encontramos que [&hellip;]<\/p>\n","protected":false},"author":2,"featured_media":0,"comment_status":"closed","ping_status":"open","sticky":false,"template":"","format":"standard","meta":{"footnotes":""},"categories":[22,17,197,199,16,198],"tags":[],"_links":{"self":[{"href":"http:\/\/www.institutobach.com.ar\/cursos\/wp-json\/wp\/v2\/posts\/1935"}],"collection":[{"href":"http:\/\/www.institutobach.com.ar\/cursos\/wp-json\/wp\/v2\/posts"}],"about":[{"href":"http:\/\/www.institutobach.com.ar\/cursos\/wp-json\/wp\/v2\/types\/post"}],"author":[{"embeddable":true,"href":"http:\/\/www.institutobach.com.ar\/cursos\/wp-json\/wp\/v2\/users\/2"}],"replies":[{"embeddable":true,"href":"http:\/\/www.institutobach.com.ar\/cursos\/wp-json\/wp\/v2\/comments?post=1935"}],"version-history":[{"count":1,"href":"http:\/\/www.institutobach.com.ar\/cursos\/wp-json\/wp\/v2\/posts\/1935\/revisions"}],"predecessor-version":[{"id":1936,"href":"http:\/\/www.institutobach.com.ar\/cursos\/wp-json\/wp\/v2\/posts\/1935\/revisions\/1936"}],"wp:attachment":[{"href":"http:\/\/www.institutobach.com.ar\/cursos\/wp-json\/wp\/v2\/media?parent=1935"}],"wp:term":[{"taxonomy":"category","embeddable":true,"href":"http:\/\/www.institutobach.com.ar\/cursos\/wp-json\/wp\/v2\/categories?post=1935"},{"taxonomy":"post_tag","embeddable":true,"href":"http:\/\/www.institutobach.com.ar\/cursos\/wp-json\/wp\/v2\/tags?post=1935"}],"curies":[{"name":"wp","href":"https:\/\/api.w.org\/{rel}","templated":true}]}}