{"id":1921,"date":"2026-03-03T23:50:37","date_gmt":"2026-03-04T02:50:37","guid":{"rendered":"https:\/\/www.institutobach.com.ar\/cursos\/?p=1921"},"modified":"2026-03-04T16:25:38","modified_gmt":"2026-03-04T19:25:38","slug":"diagnostico-diferencial-se-superponen-las-flores-de-bach","status":"publish","type":"post","link":"http:\/\/www.institutobach.com.ar\/cursos\/flores-de-bach\/diagnostico-diferencial-se-superponen-las-flores-de-bach\/","title":{"rendered":"Diagn\u00f3stico diferencial: \u00bfSe superponen las Flores de Bach?"},"content":{"rendered":"\n<p class=\"has-text-align-center\"><strong>LOS ESCRITOS DEL INSTITUTO<br>Notas para Terapeutas Formadoras<\/strong><\/p>\n\n\n\n<hr class=\"wp-block-separator has-alpha-channel-opacity\"\/>\n\n\n\n<p><strong>Una mirada desde el marco original<\/strong><\/p>\n\n\n\n<p><strong>Estados mentales y no s\u00edntomas: la clave del sistema de Bach<\/strong><\/p>\n\n\n\n<p>Cuando se trabaja desde los estados mentales din\u00e1micos descritos por Bach<\/p>\n\n\n\n<p>Y no desde s\u00edntomas aislados<\/p>\n\n\n\n<p>La aparente superposici\u00f3n entre remedios disminuye considerablemente porque a nivel mental son mas claras las diferencias que a nivel del s\u00edntoma aislado.<\/p>\n\n\n\n<p>Bach no describe <strong>s\u00edntomas cl\u00ednicos<\/strong>, describe <strong>estados de conciencia<\/strong>, actitudes mentales, disposiciones internas din\u00e1micas.<\/p>\n\n\n\n<p>Por ejemplo:<\/p>\n\n\n\n<ul>\n<li><strong>Olive<\/strong> \u2192 agotamiento profundo tras sufrimiento prolongado<br><\/li>\n\n\n\n<li><strong>Hornbeam<\/strong> \u2192 sensaci\u00f3n anticipatoria de falta de energ\u00eda para empezar<br><\/li>\n\n\n\n<li><strong>Elm<\/strong> \u2192 sobrecarga temporal en personas capaces<br><\/li>\n\n\n\n<li><strong>Oak<\/strong> \u2192 lucha persistente pese al agotamiento<br><\/li>\n<\/ul>\n\n\n\n<p>Si alguien dice \u201ccansancio\u201d, claro que aparecen muchas flores.<br>Pero \u201ccansancio\u201d no es un estado Bachiano.<br>Es un s\u00edntoma inespec\u00edfico.<\/p>\n\n\n\n<p>Bach fue expl\u00edcito:<\/p>\n\n\n\n<p>No tratar la enfermedad, sino a la persona.<\/p>\n\n\n\n<p>No mirar los s\u00edntomas, sino el estado individual.<\/p>\n\n\n\n<p>Eso es coherente con su marco vitalista e individualizante (af\u00edn a la homeopat\u00eda cl\u00e1sica que \u00e9l practic\u00f3 antes de desarrollar su sistema).<\/p>\n\n\n\n<p>Desde ese marco, los remedios no \u201cse parecen\u201d tanto, porque cada uno representa una <strong>estructura mental distinta<\/strong>, no un listado de s\u00edntomas.<\/p>\n\n\n\n<p>Bach sab\u00eda que:<\/p>\n\n\n\n<ul>\n<li><strong>A nivel del s\u00edntoma no hay individualizaci\u00f3n,<\/strong><\/li>\n\n\n\n<li><strong>a nivel mental s\u00ed la hay.<\/strong><\/li>\n<\/ul>\n\n\n\n<h2 class=\"wp-block-heading\"><strong>\u00bfEs complejo el \u201cdiagn\u00f3stico diferencial\u201d?<\/strong><\/h2>\n\n\n\n<p>Depende del paradigma desde el cual se trabaje.<\/p>\n\n\n\n<h3 class=\"wp-block-heading\"><strong>Si el enfoque es sintom\u00e1tico:<\/strong><\/h3>\n\n\n\n<p>S\u00ed, se vuelve complejo.<br>Porque varios remedios pueden \u201ccubrir\u201d:<\/p>\n\n\n\n<ul>\n<li>cansancio<br><\/li>\n\n\n\n<li>miedo<br><\/li>\n\n\n\n<li>tristeza<br><\/li>\n\n\n\n<li>ansiedad<br><\/li>\n\n\n\n<li>insomnio<br><\/li>\n<\/ul>\n\n\n\n<p>Entonces se necesita comparar s\u00edntomas finos para decidir.<\/p>\n\n\n\n<p>Eso es un modelo m\u00e1s cercano al pensamiento m\u00e9dico diferencial tradicional.<\/p>\n\n\n\n<hr class=\"wp-block-separator has-alpha-channel-opacity\"\/>\n\n\n\n<h3 class=\"wp-block-heading\"><strong>Si el enfoque es tipol\u00f3gico-din\u00e1mico (Bach original):<\/strong><\/h3>\n\n\n\n<p>El trabajo no es diferenciar s\u00edntomas, sino reconocer:<\/p>\n\n\n\n<ul>\n<li>\u00bfQu\u00e9 estructura mental est\u00e1 predominando?<br><\/li>\n\n\n\n<li>\u00bfQu\u00e9 actitud frente a la vida se expresa?<br><\/li>\n\n\n\n<li>\u00bfQu\u00e9 conflicto alma-personalidad se evidencia?<br><\/li>\n<\/ul>\n\n\n\n<p>En ese plano, las diferencias son cualitativas, no cuantitativas.<\/p>\n\n\n\n<p>Por ejemplo:<\/p>\n\n\n\n<ul>\n<li><strong>Olive<\/strong> no es \u201ccansancio\u201d en general.<br>Es agotamiento tras largo esfuerzo.<br><\/li>\n\n\n\n<li><strong>Hornbeam<\/strong> no es cansancio real.<br>Es fatiga anticipatoria mental.<br><\/li>\n\n\n\n<li><strong>Oak<\/strong> no es cansancio pasivo.<br>Es persistencia heroica pese al agotamiento.<br><\/li>\n<\/ul>\n\n\n\n<p>Si se observa la tipolog\u00eda, la confusi\u00f3n disminuye mucho.<\/p>\n\n\n\n<p><br>La problem\u00e1tica del \u201cdiagn\u00f3stico diferencial\u201d surge cuando se reduce el sistema a s\u00edntomas.<\/p>\n\n\n\n<h2 class=\"wp-block-heading\"><strong>Una mirada desde el marco original<\/strong><\/h2>\n\n\n\n<p>las personas consultan por:<\/p>\n\n\n\n<ul>\n<li>Insomnio<br><\/li>\n\n\n\n<li>Ansiedad<br><\/li>\n\n\n\n<li>Cansancio<br><\/li>\n\n\n\n<li>Problemas de piel<br><\/li>\n\n\n\n<li>Miedo<br><\/li>\n<\/ul>\n\n\n\n<p>Ese es el motivo de consulta.<\/p>\n\n\n\n<p>Pero el motivo de consulta no es el criterio de prescripci\u00f3n.<\/p>\n\n\n\n<p>En medicina ocurre algo similar:<br>Alguien consulta por \u201cdolor de cabeza\u201d y el profesional no indica simplemente \u201calgo para el dolor\u201d sin antes comprender el contexto, la causa, el modo en que ese dolor se manifiesta y lo que expresa dentro del conjunto de la persona.<\/p>\n\n\n\n<p>Del mismo modo, en el marco desarrollado por Edward Bach, la funci\u00f3n del Terapeuta Floral no es emparejar s\u00edntoma con remedio.<\/p>\n\n\n\n<p>Su tarea es <strong>leer<\/strong>, en el di\u00e1logo vincular, la tipolog\u00eda mental del consultante o el estado actual que se expresa dentro de las 38 posibilidades y sus combinatorias que el sistema describe.<\/p>\n\n\n\n<p>La elecci\u00f3n no se basa en \u201cqu\u00e9 s\u00edntoma trae\u201d, sino en <strong>qu\u00e9 cualidad interna est\u00e1 manifest\u00e1ndose<\/strong>.<\/p>\n\n\n\n<hr class=\"wp-block-separator has-alpha-channel-opacity\"\/>\n\n\n\n<h2 class=\"wp-block-heading\"><strong>Estados mentales y no s\u00edntomas: la clave del sistema de Bach<\/strong><\/h2>\n\n\n\n<p>En sus escritos finales, Bach no describe cuadros cl\u00ednicos, ni \u00f3rganos, ni enfermedades, ni repertorios sintom\u00e1ticos.<br>Describe estados mentales, disposiciones internas din\u00e1micas, actitudes frente a la vida.<\/p>\n\n\n\n<p>Sus 38 remedios est\u00e1n organizados en siete grandes grupos que reflejan grandes estados del alma:<\/p>\n\n\n\n<ul>\n<li>Temor<br><\/li>\n\n\n\n<li>Incertidumbre<br><\/li>\n\n\n\n<li>Falta de inter\u00e9s por el presente<br><\/li>\n\n\n\n<li>Soledad<br><\/li>\n\n\n\n<li>Hipersensibilidad<br><\/li>\n\n\n\n<li>Desaliento o desesperaci\u00f3n<br><\/li>\n\n\n\n<li>Preocupaci\u00f3n excesiva por otros<br><\/li>\n<\/ul>\n\n\n\n<p>Su planteamiento fue individualizante y vitalista.<\/p>\n\n\n\n<p>Fue expl\u00edcito:<\/p>\n\n\n\n<p>No tratar la enfermedad, sino a la persona.<\/p>\n\n\n\n<p>No mirar los s\u00edntomas, sino el estado individual.<\/p>\n\n\n\n<p>Desde este marco, cada remedio representa una estructura mental cualitativamente distinta, no un conjunto de s\u00edntomas que pueden superponerse.<\/p>\n\n\n\n<hr class=\"wp-block-separator has-alpha-channel-opacity\"\/>\n\n\n\n<h2 class=\"wp-block-heading\"><strong>\u00bfPor qu\u00e9 parece que las flores se superponen?<\/strong><\/h2>\n\n\n\n<p>La sensaci\u00f3n de superposici\u00f3n aparece cuando el sistema se interpreta desde un enfoque sintom\u00e1tico.<\/p>\n\n\n\n<p>Por ejemplo, si alguien consulta por \u201ccansancio\u201d, podr\u00edan mencionarse varias flores:<\/p>\n\n\n\n<ul>\n<li>Olive<br><\/li>\n\n\n\n<li>Hornbeam<br><\/li>\n\n\n\n<li>Elm<br><\/li>\n\n\n\n<li>Oak<br><\/li>\n<\/ul>\n\n\n\n<p>Pero \u201ccansancio\u201d no es un estado Bachiano.<br>Es un s\u00edntoma inespec\u00edfico.<\/p>\n\n\n\n<p>Lo que distingue a estos remedios no es el cansancio en s\u00ed, sino la estructura interna que lo genera:<\/p>\n\n\n\n<ul>\n<li><strong>Olive<\/strong> \u2192 agotamiento tras sufrimiento prolongado.<br><\/li>\n\n\n\n<li><strong>Hornbeam<\/strong> \u2192 fatiga anticipatoria, dificultad para empezar.<br><\/li>\n\n\n\n<li><strong>Elm<\/strong> \u2192 sobrecarga temporal en personas capaces.<br><\/li>\n\n\n\n<li><strong>Oak<\/strong> \u2192 persistencia heroica pese al agotamiento.<br><\/li>\n<\/ul>\n\n\n\n<p>Si se comparan s\u00edntomas, la superposici\u00f3n parece amplia.<br>Si se observan estados mentales, las diferencias se vuelven cualitativas.<\/p>\n\n\n\n<hr class=\"wp-block-separator has-alpha-channel-opacity\"\/>\n\n\n\n<h2 class=\"wp-block-heading\"><strong>Diagn\u00f3stico diferencial o reconocimiento tipol\u00f3gico<\/strong><\/h2>\n\n\n\n<p>En un modelo sintom\u00e1tico, el trabajo consiste en diferenciar s\u00edntomas similares con mayor precisi\u00f3n.<br>Esto genera la necesidad de un \u201cdiagn\u00f3stico diferencial\u201d entre remedios.<\/p>\n\n\n\n<p>En el marco original de Bach, el trabajo es diferente:<\/p>\n\n\n\n<ul>\n<li>\u00bfQu\u00e9 actitud frente a la vida predomina?<br><\/li>\n\n\n\n<li>\u00bfQu\u00e9 disposici\u00f3n mental caracteriza a la persona?<br><\/li>\n\n\n\n<li>\u00bfQu\u00e9 estado interno est\u00e1 organizando su experiencia?<br><\/li>\n<\/ul>\n\n\n\n<p>No se trata de elegir entre flores que \u201csirven para lo mismo\u201d.<br>Se trata de reconocer qu\u00e9 tipolog\u00eda mental se encuentra activa.<\/p>\n\n\n\n<p>La complejidad no radica en comparar s\u00edntomas finos, sino en desarrollar la capacidad de observaci\u00f3n cualitativa del estado interno.<\/p>\n\n\n\n<hr class=\"wp-block-separator has-alpha-channel-opacity\"\/>\n\n\n\n<h2 class=\"wp-block-heading\"><strong>La cuesti\u00f3n del marco te\u00f3rico<\/strong><\/h2>\n\n\n\n<p>En algunos espacios formativos se prioriza la experiencia cl\u00ednica por encima del marco conceptual, sosteniendo que la pr\u00e1ctica valida por s\u00ed misma el uso de determinados remedios.<\/p>\n\n\n\n<p>Sin embargo, toda pr\u00e1ctica cl\u00ednica presupone un marco te\u00f3rico, incluso cuando no se lo explicita.<\/p>\n\n\n\n<p>Si un remedio comienza a indicarse por su acci\u00f3n sobre \u00f3rganos, tejidos o s\u00edntomas f\u00edsicos espec\u00edficos, estamos frente a una ampliaci\u00f3n o reinterpretaci\u00f3n del sistema original.<br>Eso puede constituir otro modelo floral, pero ya no es estrictamente el planteamiento vitalista que Bach dej\u00f3 formulado en sus textos finales.<\/p>\n\n\n\n<p>El sistema de Bach no fue concebido como organotr\u00f3pico ni como repertorio sintom\u00e1tico.<br>Fue concebido como un mapa de estados mentales y din\u00e1micas internas.<\/p>\n\n\n\n<hr class=\"wp-block-separator has-alpha-channel-opacity\"\/>\n\n\n\n<h2 class=\"wp-block-heading\"><strong>\u00bfSe reducen las confusiones al respetar el marco original?<\/strong><\/h2>\n\n\n\n<p>Cuando el trabajo terap\u00e9utico se centra en:<\/p>\n\n\n\n<ul>\n<li>Estados mentales din\u00e1micos<br><\/li>\n\n\n\n<li>Actitudes profundas<br><\/li>\n\n\n\n<li>Estructuras de personalidad en desequilibrio<br><\/li>\n<\/ul>\n\n\n\n<p>La aparente superposici\u00f3n entre remedios disminuye considerablemente.<\/p>\n\n\n\n<p>Esto no implica que la pr\u00e1ctica sea mec\u00e1nica ni simple.<br>Implica que la naturaleza del an\u00e1lisis cambia:<\/p>\n\n\n\n<p>No se trata de acumular s\u00edntomas, sino de reconocer la cualidad dominante del estado interno dentro del sistema de las 38 posibilidades descritas por Bach.<\/p>\n\n\n\n<hr class=\"wp-block-separator has-alpha-channel-opacity\"\/>\n\n\n\n<h2 class=\"wp-block-heading\"><strong>Una invitaci\u00f3n a la coherencia doctrinal<\/strong><\/h2>\n\n\n\n<p>El sistema floral de Bach es profundamente simple en su arquitectura, pero exige profundidad en la observaci\u00f3n.<\/p>\n\n\n\n<p>Reducirlo a s\u00edntomas lo vuelve comparativo.<br>Comprenderlo como tipolog\u00eda lo vuelve coherente.<\/p>\n\n\n\n<p>Sostener el marco original no es una postura dogm\u00e1tica.<br>Es una elecci\u00f3n de coherencia conceptual.<\/p>\n\n\n\n<p>Porque cuando se trabaja desde los estados mentales descritos por Bach, las flores no compiten entre s\u00ed.<br>Cada una expresa una forma particular de desequilibrio\u2026<br>y una v\u00eda espec\u00edfica de armonizaci\u00f3n.<\/p>\n\n\n\n<h2 class=\"wp-block-heading\"><strong>Un mismo s\u00edntoma, estados mentales distintos<\/strong><\/h2>\n\n\n\n<p>Imaginemos cuatro personas que consultan por \u201ccansancio\u201d.<\/p>\n\n\n\n<p>Si trabaj\u00e1ramos por s\u00edntoma, podr\u00edamos preguntarnos:<br>\u00bfQu\u00e9 flor es para el cansancio?<\/p>\n\n\n\n<p>Pero si trabajamos desde el marco original de Bach, la pregunta cambia:<\/p>\n\n\n\n<p>\u00bfQu\u00e9 estado mental est\u00e1 expresando?<\/p>\n\n\n\n<ul>\n<li>Una persona dice: \u201cNo tengo fuerzas para empezar el d\u00eda. S\u00e9 que despu\u00e9s puedo hacerlo, pero me cuesta arrancar\u201d.<br>Aqu\u00ed no estamos ante agotamiento real, sino ante fatiga anticipatoria. El estado corresponde a <strong>Hornbeam<\/strong>.<br><\/li>\n\n\n\n<li>Otra expresa: \u201cHe pasado meses cuidando a un familiar enfermo. Siento que ya no me queda energ\u00eda\u201d.<br>Aqu\u00ed hay desgaste profundo tras esfuerzo prolongado. El estado corresponde a <strong>Olive<\/strong>.<br><\/li>\n\n\n\n<li>Otra afirma: \u201cNo puedo detenerme. Debo seguir. Hay que hacer lo correcto, aunque est\u00e9 exhausto\u201d.<br>Aqu\u00ed hay tensi\u00f3n autoimpuesta, rigidez interna y sobreesfuerzo moral. Podr\u00eda tratarse de <strong>Vervain<\/strong> o incluso <strong>Beech<\/strong>, si el cansancio surge de una actitud cr\u00edtica y exigente hacia el entorno.<br><\/li>\n<\/ul>\n\n\n\n<p>El s\u00edntoma es el mismo.<br>La estructura interna no lo es.<\/p>\n\n\n\n<p>Y es precisamente esa estructura la que el Terapeuta Floral est\u00e1 llamado a reconocer en el di\u00e1logo.<\/p>\n\n\n\n<hr class=\"wp-block-separator has-alpha-channel-opacity\"\/>\n\n\n\n<h2 class=\"wp-block-heading\"><strong>Coherencia con el planteamiento original<\/strong><\/h2>\n\n\n\n<p>En su obra completa, Bach dej\u00f3 claro que la elecci\u00f3n del remedio deb\u00eda basarse en el estado mental y no en la enfermedad ni en el s\u00edntoma.<\/p>\n\n\n\n<p>Cuando se respeta este principio, la aparente superposici\u00f3n entre flores disminuye notablemente.<br>No porque el sistema sea simplista, sino porque es cualitativo.<\/p>\n\n\n\n<p>No se trata de encontrar \u201cla flor para el cansancio\u201d.<br>Se trata de reconocer qu\u00e9 cualidad interna est\u00e1 organizando la experiencia de la persona.<\/p>\n\n\n\n<p>Esa es la diferencia entre trabajar por s\u00edntomas\u2026<br>y trabajar desde el marco original del sistema floral de Bach.&nbsp;<\/p>\n\n\n\n<p>Desde el marco original formulado por Edward Bach, ning\u00fan remedio floral es \u201cpara la piel\u201d, \u201cpara el h\u00edgado\u201d o \u201cpara\u201d una enfermedad determinada. Cada esencia es indicada por la cualidad del estado mental que expresa la persona \u2014persona con culpa en el caso de Pine, con desaliento en Gentian, con miedo concreto en Mimulus\u2014 y no por el \u00f3rgano donde se manifiesta el desequilibrio. Precisamente porque el sistema es vitalista e individualizante, la acci\u00f3n del remedio no se dirige a un tejido espec\u00edfico sino al reequilibrio de la din\u00e1mica interna que organiza a la persona en su totalidad. Desde esta perspectiva, Pine puede acompa\u00f1ar procesos que se expresen en la piel, en el aparato digestivo o bajo cualquier diagn\u00f3stico o nombre de enfermedad, no por una supuesta afinidad organotr\u00f3pica, sino porque al armonizar el estado mental de la persona con culpa restituye el orden de la fuerza vital, favoreciendo as\u00ed la tendencia natural a la autocuraci\u00f3n en el nivel \u2014corporal, emocional o an\u00edmico\u2014 donde el desequilibrio se estuviera manifestando. Esa es la coherencia del planteamiento bachiano: no ampliar indicaciones por acumulaci\u00f3n emp\u00edrica desvinculada de marco, sino comprender que al tratar a la persona en su estado interno, el efecto es necesariamente hol\u00edstico.<\/p>\n\n\n\n<p>A lo largo de los a\u00f1os, al trabajar con las esencias florales seg\u00fan el sistema original desarrollado por Bach \u2014centrado en los estados mentales y emocionales como tipolog\u00edas din\u00e1micas\u2014 pudimos observar resultados consistentes, claros y sostenidos en nuestra pr\u00e1ctica. Esta experiencia nos confirm\u00f3 la coherencia y profundidad del m\u00e9todo, cuando lo aplicamos de la manera en que lo defini\u00f3 Bach en su obra completa, , raz\u00f3n por la cual no sentimos la necesidad de apartarnos de su marco original ni de incorporar reinterpretaciones externas. Sabemos que pueden existir otras lecturas que parten de marcos te\u00f3ricos diferentes, y valoramos cuando se presentan como interpretaciones diferenciadas del planteo original de Bach. Cuando un m\u00e9todo demuestra su eficacia a lo largo del tiempo, nos invita a profundizar en su comprensi\u00f3n y aplicaci\u00f3n, m\u00e1s que a reformularlo desde otras perspectivas.<\/p>\n\n\n<div class=\"wp-block-image\">\n<figure class=\"aligncenter size-large\"><a href=\"https:\/\/www.institutobach.com.ar\/escritos\/diagnostico-diferencial.pdf\" target=\"_blank\" rel=\"noreferrer noopener\"><img decoding=\"async\" src=\"https:\/\/www.institutobach.com.ar\/images\/pdf.png\" alt=\"\"\/><\/a><\/figure><\/div>","protected":false},"excerpt":{"rendered":"<p>LOS ESCRITOS DEL INSTITUTONotas para Terapeutas Formadoras Una mirada desde el marco original Estados mentales y no s\u00edntomas: la clave del sistema de Bach Cuando se trabaja desde los estados mentales din\u00e1micos descritos por Bach Y no desde s\u00edntomas aislados La aparente superposici\u00f3n entre remedios disminuye considerablemente porque a nivel mental son mas claras las [&hellip;]<\/p>\n","protected":false},"author":2,"featured_media":0,"comment_status":"closed","ping_status":"open","sticky":false,"template":"","format":"standard","meta":{"footnotes":""},"categories":[22,17,197,199,198],"tags":[],"_links":{"self":[{"href":"http:\/\/www.institutobach.com.ar\/cursos\/wp-json\/wp\/v2\/posts\/1921"}],"collection":[{"href":"http:\/\/www.institutobach.com.ar\/cursos\/wp-json\/wp\/v2\/posts"}],"about":[{"href":"http:\/\/www.institutobach.com.ar\/cursos\/wp-json\/wp\/v2\/types\/post"}],"author":[{"embeddable":true,"href":"http:\/\/www.institutobach.com.ar\/cursos\/wp-json\/wp\/v2\/users\/2"}],"replies":[{"embeddable":true,"href":"http:\/\/www.institutobach.com.ar\/cursos\/wp-json\/wp\/v2\/comments?post=1921"}],"version-history":[{"count":11,"href":"http:\/\/www.institutobach.com.ar\/cursos\/wp-json\/wp\/v2\/posts\/1921\/revisions"}],"predecessor-version":[{"id":1934,"href":"http:\/\/www.institutobach.com.ar\/cursos\/wp-json\/wp\/v2\/posts\/1921\/revisions\/1934"}],"wp:attachment":[{"href":"http:\/\/www.institutobach.com.ar\/cursos\/wp-json\/wp\/v2\/media?parent=1921"}],"wp:term":[{"taxonomy":"category","embeddable":true,"href":"http:\/\/www.institutobach.com.ar\/cursos\/wp-json\/wp\/v2\/categories?post=1921"},{"taxonomy":"post_tag","embeddable":true,"href":"http:\/\/www.institutobach.com.ar\/cursos\/wp-json\/wp\/v2\/tags?post=1921"}],"curies":[{"name":"wp","href":"https:\/\/api.w.org\/{rel}","templated":true}]}}