{"id":1888,"date":"2026-02-17T02:38:05","date_gmt":"2026-02-17T05:38:05","guid":{"rendered":"https:\/\/www.institutobach.com.ar\/cursos\/?p=1888"},"modified":"2026-02-17T02:50:26","modified_gmt":"2026-02-17T05:50:26","slug":"como-la-indicacion-personalizada-acompana-procesos-arquetipicos-y-transpersonales","status":"publish","type":"post","link":"http:\/\/www.institutobach.com.ar\/cursos\/el-terapeuta\/como-la-indicacion-personalizada-acompana-procesos-arquetipicos-y-transpersonales\/","title":{"rendered":"C\u00f3mo la indicaci\u00f3n personalizada acompa\u00f1a procesos arquet\u00edpicos y transpersonales"},"content":{"rendered":"\n<p class=\"has-text-align-center\"><strong>LOS ESCRITOS DEL INSTITUTO<br>Notas para Terapeutas Formadoras<\/strong><\/p>\n\n\n\n<hr class=\"wp-block-separator has-alpha-channel-opacity\"\/>\n\n\n\n<h3 class=\"wp-block-heading\"><strong>Un marco claro para acompa\u00f1ar la pr\u00e1ctica floral con la psicolog\u00eda arquet\u00edpica y transpersonal<\/strong><\/h3>\n\n\n\n<p><strong>Para terapeutas hol\u00edsticas que integran enfoques arquet\u00edpicos y transpersonales y desean acompa\u00f1ar sus procesos con las indicaciones florales de Bach.<\/strong><\/p>\n\n\n\n<hr class=\"wp-block-separator has-alpha-channel-opacity\"\/>\n\n\n\n<p>A lo largo del tiempo, muchas terapeutas han enriquecido su pr\u00e1ctica incorporando <strong>marcos arquet\u00edpicos, transpersonales y procesos de individuaci\u00f3n<\/strong> inspirados en la psicolog\u00eda anal\u00edtica de <strong>Carl Gustav Jung<\/strong> y en desarrollos posteriores del campo transpersonal, como los de <strong>Stanislav Grof<\/strong>.<br>Desde nuestra perspectiva institucional, estos enfoques pueden <strong>articularse con el sistema Bach de manera coherente y respetuosa<\/strong>.<\/p>\n\n\n\n<hr class=\"wp-block-separator has-alpha-channel-opacity\"\/>\n\n\n\n<h2 class=\"wp-block-heading\"><strong>Dos niveles de trabajo<\/strong><\/h2>\n\n\n\n<p>En la pr\u00e1ctica cl\u00ednica pueden distinguirse dos planos complementarios:<\/p>\n\n\n\n<p><strong>1. Plano estructural o simb\u00f3lico<\/strong><br>Donde se despliegan <strong>arquetipos, procesos de sombra, movimientos de individuaci\u00f3n y experiencias ampliadas de conciencia<\/strong>.<\/p>\n\n\n\n<p><strong>2. Plano emocional vivencial<\/strong><br>Donde la persona experimenta <strong>miedo, culpa, resentimiento, des\u00e1nimo, confusi\u00f3n, desesperanza o inseguridad<\/strong>.<\/p>\n\n\n\n<p>Los marcos arquet\u00edpicos ofrecen comprensi\u00f3n y profundidad.<br>La <strong>indicaci\u00f3n floral act\u00faa sobre el estado emocional concreto<\/strong> que emerge en ese proceso.<\/p>\n\n\n\n<hr class=\"wp-block-separator has-alpha-channel-opacity\"\/>\n\n\n\n<h2 class=\"wp-block-heading\"><strong>La importancia de la indicaci\u00f3n individual<\/strong><\/h2>\n\n\n\n<p>El sistema floral desarrollado por el <strong>Dr. Edward Bach<\/strong> propone una base clara: <strong>la flor se indica seg\u00fan el estado emocional individual y presente<\/strong>.<\/p>\n\n\n\n<p>Cuando una terapeuta trabaja con arquetipos o procesos transpersonales, pueden activarse <strong>din\u00e1micas profundas que se expresan emocionalmente de formas diversas y cambiantes<\/strong>.<\/p>\n\n\n\n<p>En nuestra experiencia, <strong>mantener la indicaci\u00f3n floral basada en<\/strong>:<\/p>\n\n\n\n<ul>\n<li>El estado an\u00edmico actual<\/li>\n\n\n\n<li>La vivencia subjetiva concreta<\/li>\n\n\n\n<li>El tipo emocional que se manifiesta<\/li>\n<\/ul>\n\n\n\n<p><strong>preserva la fidelidad al sistema original de Bach y sostiene la singularidad del proceso terap\u00e9utico<\/strong>.<\/p>\n\n\n\n<p>Esto acompa\u00f1a emocionalmente trabajo arquet\u00edpic <strong>sin limitar la lectura simb\u00f3lica<\/strong> <br>ni reemplaza tu trabajo arquet\u00edpico.<\/p>\n\n\n\n<hr class=\"wp-block-separator has-alpha-channel-opacity\"\/>\n\n\n\n<h2 class=\"wp-block-heading\"><strong>Singularidad y coherencia<\/strong><\/h2>\n\n\n\n<p>Las combinaciones simb\u00f3licas amplias pueden resultar inspiradoras dentro de ciertos enfoques.<br>Sin embargo, cuando se busca mantener coherencia con el m\u00e9todo de Bach, la <strong>observaci\u00f3n individual contin\u00faa siendo el eje central de la indicaci\u00f3n<\/strong>.<\/p>\n\n\n\n<p>Este criterio:<\/p>\n\n\n\n<ul>\n<li><strong>Respeta la identidad hist\u00f3rica del sistema floral<\/strong><\/li>\n\n\n\n<li><strong>Sostiene la individualidad del consultante<\/strong><\/li>\n\n\n\n<li><strong>Evita cristalizar procesos complejos en categor\u00edas generales<\/strong><\/li>\n<\/ul>\n\n\n\n<p>Desde esta mirada, el sistema de <strong>Flores de Bach puede articularse con enfoques arquet\u00edpicos y transpersonales sin perder su esencia<\/strong>.<\/p>\n\n\n\n<hr class=\"wp-block-separator has-alpha-channel-opacity\"\/>\n\n\n\n<h2 class=\"wp-block-heading\"><strong>S\u00edntesis institucional<\/strong><\/h2>\n\n\n\n<p>La integraci\u00f3n <strong>no requiere fusi\u00f3n indiscriminada<\/strong>.<br>Requiere <strong>claridad de marco<\/strong>.<\/p>\n\n\n\n<p>En el Instituto sostenemos:<\/p>\n\n\n\n<ul>\n<li><strong>Libertad plena en la pr\u00e1ctica de la terapeuta<\/strong><\/li>\n\n\n\n<li><strong>Fidelidad en la indicaci\u00f3n y en la elaboraci\u00f3n<\/strong><\/li>\n\n\n\n<li><strong>Las flores acompa\u00f1an estados del alma<\/strong><\/li>\n\n\n\n<li><strong>La profundidad simb\u00f3lica pertenece al proceso<\/strong><\/li>\n<\/ul>\n\n\n\n<p>Ambos planos pueden coexistir con coherencia.<\/p>\n\n\n\n<p>Desde nuestra experiencia, cuando los procesos arquet\u00edpicos o transpersonales se acompa\u00f1an con <strong>una indicaci\u00f3n floral individual y precisa<\/strong>, el trabajo terap\u00e9utico <strong>gana en claridad y profundidad emocional<\/strong>.<\/p>\n\n\n\n<p>No se trata de limitar la mirada simb\u00f3lica, sino de <strong>sostenerla con coherencia<\/strong>.<br>Cada terapeuta elige su encuadre y su lenguaje.<br>Nuestra propuesta es <strong>ofrecer un marco claro y concentrados elaborados con fidelidad al sistema original<\/strong>, para que esa libertad pueda apoyarse en una base s\u00f3lida.<\/p>\n\n\n\n<hr class=\"wp-block-separator has-alpha-channel-opacity\"\/>\n\n\n\n<h2 class=\"wp-block-heading\"><strong>Cierre<\/strong><\/h2>\n\n\n\n<p>Porque la integraci\u00f3n verdadera <strong>no diluye identidades: las respeta<\/strong>.<\/p>\n\n\n\n<p><strong>Libertad en la pr\u00e1ctica.<br>Fidelidad en la indicaci\u00f3n y en la elaboraci\u00f3n.<\/strong><\/p>\n\n\n\n<p><em>Cada concentrado del Instituto est\u00e1 preparado para acompa\u00f1ar tu pr\u00e1ctica con confianza y claridad, respetando plenamente el m\u00e9todo de Bach y tu libertad como terapeuta.<\/em><\/p>\n\n\n<div class=\"wp-block-image\">\n<figure class=\"aligncenter size-large\"><a href=\"https:\/\/www.institutobach.com.ar\/escritos\/indicacion-personalizada-en-procesos-arquetipicos-y-transpersonales.pdf\" target=\"_blank\" rel=\"noreferrer noopener\"><img decoding=\"async\" src=\"https:\/\/www.institutobach.com.ar\/images\/pdf.png\" alt=\"\"\/><\/a><\/figure><\/div>","protected":false},"excerpt":{"rendered":"<p>LOS ESCRITOS DEL INSTITUTONotas para Terapeutas Formadoras Un marco claro para acompa\u00f1ar la pr\u00e1ctica floral con la psicolog\u00eda arquet\u00edpica y transpersonal Para terapeutas hol\u00edsticas que integran enfoques arquet\u00edpicos y transpersonales y desean acompa\u00f1ar sus procesos con las indicaciones florales de Bach. A lo largo del tiempo, muchas terapeutas han enriquecido su pr\u00e1ctica incorporando marcos arquet\u00edpicos, [&hellip;]<\/p>\n","protected":false},"author":2,"featured_media":0,"comment_status":"closed","ping_status":"open","sticky":false,"template":"","format":"standard","meta":{"footnotes":""},"categories":[22,24,176,197,199,198],"tags":[],"_links":{"self":[{"href":"http:\/\/www.institutobach.com.ar\/cursos\/wp-json\/wp\/v2\/posts\/1888"}],"collection":[{"href":"http:\/\/www.institutobach.com.ar\/cursos\/wp-json\/wp\/v2\/posts"}],"about":[{"href":"http:\/\/www.institutobach.com.ar\/cursos\/wp-json\/wp\/v2\/types\/post"}],"author":[{"embeddable":true,"href":"http:\/\/www.institutobach.com.ar\/cursos\/wp-json\/wp\/v2\/users\/2"}],"replies":[{"embeddable":true,"href":"http:\/\/www.institutobach.com.ar\/cursos\/wp-json\/wp\/v2\/comments?post=1888"}],"version-history":[{"count":5,"href":"http:\/\/www.institutobach.com.ar\/cursos\/wp-json\/wp\/v2\/posts\/1888\/revisions"}],"predecessor-version":[{"id":1893,"href":"http:\/\/www.institutobach.com.ar\/cursos\/wp-json\/wp\/v2\/posts\/1888\/revisions\/1893"}],"wp:attachment":[{"href":"http:\/\/www.institutobach.com.ar\/cursos\/wp-json\/wp\/v2\/media?parent=1888"}],"wp:term":[{"taxonomy":"category","embeddable":true,"href":"http:\/\/www.institutobach.com.ar\/cursos\/wp-json\/wp\/v2\/categories?post=1888"},{"taxonomy":"post_tag","embeddable":true,"href":"http:\/\/www.institutobach.com.ar\/cursos\/wp-json\/wp\/v2\/tags?post=1888"}],"curies":[{"name":"wp","href":"https:\/\/api.w.org\/{rel}","templated":true}]}}