{"id":1878,"date":"2026-02-12T02:09:21","date_gmt":"2026-02-12T05:09:21","guid":{"rendered":"https:\/\/www.institutobach.com.ar\/cursos\/?p=1878"},"modified":"2026-02-12T02:10:53","modified_gmt":"2026-02-12T05:10:53","slug":"fidelidad-al-metodo-y-libertad-en-la-practica-el-equilibrio-que-fortalece-la-terapia-floral","status":"publish","type":"post","link":"http:\/\/www.institutobach.com.ar\/cursos\/flores-de-bach\/fidelidad-al-metodo-y-libertad-en-la-practica-el-equilibrio-que-fortalece-la-terapia-floral\/","title":{"rendered":"Fidelidad al m\u00e9todo y libertad en la pr\u00e1ctica: el equilibrio que fortalece la terapia floral"},"content":{"rendered":"\n<p><strong>\u201cCuando la transmisi\u00f3n y la preparaci\u00f3n de los concentrados respetan el m\u00e9todo, tu pr\u00e1ctica como terapeuta se fortalece\u201d<\/strong><\/p>\n\n\n\n<p><\/p>\n\n\n\n<p class=\"has-text-align-center\"><strong>LOS ESCRITOS DEL INSTITUTO<\/strong><strong><br><\/strong><strong>Notas para Terapeutas Formadoras<\/strong><\/p>\n\n\n\n<hr class=\"wp-block-separator has-alpha-channel-opacity\"\/>\n\n\n\n<p><strong>Fidelidad al m\u00e9todo:<\/strong> un principio que protege y fortalece tu pr\u00e1ctica.<br>Se aplica tanto a la <strong>transmisi\u00f3n de las indicaciones de Bach<\/strong>, asegurando que la ense\u00f1anza sea clara y coherente con el sistema original, como a la <strong>elaboraci\u00f3n de los concentrados<\/strong>, respetando los pasos y procedimientos que garantizan su integridad.<\/p>\n\n\n\n<hr class=\"wp-block-separator has-alpha-channel-opacity\"\/>\n\n\n\n<p>En el camino terap\u00e9utico hay algo profundamente valioso: <strong>la experiencia directa<\/strong>.<br>Cada terapeuta, con los a\u00f1os, desarrolla <strong>intuici\u00f3n, sensibilidad y un estilo propio<\/strong> que vuelve su pr\u00e1ctica \u00fanica. Esa riqueza no solo es leg\u00edtima: es parte del <strong>arte de acompa\u00f1ar procesos humanos<\/strong>.<br>Sin embargo, cuando pasamos del espacio de la <strong>consulta<\/strong> al espacio de la <strong>ense\u00f1anza<\/strong>, algo cambia.<br>Comprender esa diferencia puede transformar profundamente la calidad de nuestra transmisi\u00f3n.<\/p>\n\n\n\n<hr class=\"wp-block-separator has-alpha-channel-opacity\"\/>\n\n\n\n<p><strong>La pr\u00e1ctica es un arte personal<\/strong><br>En la pr\u00e1ctica cl\u00ednica cotidiana:<\/p>\n\n\n\n<ul>\n<li>Cada terapeuta <strong>integra herramientas a su estilo<\/strong><\/li>\n\n\n\n<li><strong>Combina enfoques<\/strong><\/li>\n\n\n\n<li><strong>Se gu\u00eda por su intuici\u00f3n<\/strong><\/li>\n\n\n\n<li><strong>Ajusta criterios seg\u00fan la persona que tiene delante<\/strong><\/li>\n<\/ul>\n\n\n\n<p>Esa libertad es saludable.<br>La pr\u00e1ctica terap\u00e9utica es, en gran parte, un <strong>arte<\/strong>.<br>Ah\u00ed no hay problema en que existan <strong>mezclas, lecturas simb\u00f3licas, ampliaciones o reinterpretaciones<\/strong>. La creatividad aplicada al acompa\u00f1amiento es parte del <strong>crecimiento profesional<\/strong>.<\/p>\n\n\n\n<p><strong>Pero ense\u00f1ar no es lo mismo que practicar.<\/strong><\/p>\n\n\n\n<hr class=\"wp-block-separator has-alpha-channel-opacity\"\/>\n\n\n\n<p><strong>Ense\u00f1ar es transmitir un marco<\/strong><br>Cuando ense\u00f1amos, lo que realmente podemos transmitir <strong>no es nuestra experiencia personal en s\u00ed misma<\/strong>.<\/p>\n\n\n\n<p><strong>Lo transmisible es:<\/strong><\/p>\n\n\n\n<ul>\n<li>Un <strong>marco conceptual claro<\/strong><\/li>\n\n\n\n<li><strong>Criterios de discernimiento<\/strong><\/li>\n\n\n\n<li><strong>Mapas tipol\u00f3gicos<\/strong><\/li>\n\n\n\n<li><strong>Errores frecuentes<\/strong><\/li>\n\n\n\n<li><strong>Hip\u00f3tesis cl\u00ednicas<\/strong><\/li>\n\n\n\n<li><strong>L\u00edmites y alcances<\/strong> del sistema que se ense\u00f1a<\/li>\n<\/ul>\n\n\n\n<p>Eso permite que otra profesional pueda:<\/p>\n\n\n\n<ul>\n<li><strong>Pensar por s\u00ed misma<\/strong><\/li>\n\n\n\n<li><strong>Aplicar criterios de manera aut\u00f3noma<\/strong><\/li>\n\n\n\n<li><strong>Evaluar casos nuevos<\/strong><\/li>\n\n\n\n<li><strong>Desarrollar su propia experiencia con bases s\u00f3lidas<\/strong><\/li>\n<\/ul>\n\n\n\n<p>La <strong>experiencia vivida no se transfiere.<\/strong><br>Se transfiere su <strong>elaboraci\u00f3n conceptual.<\/strong><br><\/p>\n\n\n\n<hr class=\"wp-block-separator has-alpha-channel-opacity\"\/>\n\n\n\n<p><strong>Cuando el marco no se explicita<\/strong><br>Si en un espacio formativo no se diferencia claramente entre:<\/p>\n\n\n\n<ul>\n<li><strong>El sistema original<\/strong><\/li>\n\n\n\n<li>Y <strong>la interpretaci\u00f3n personal del docente<\/strong><\/li>\n<\/ul>\n\n\n\n<p>lo que se transmite no es un marco, sino <strong>relato + autoridad personal.<\/strong><br>Y eso tiene consecuencias:<\/p>\n\n\n\n<ul>\n<li><strong>No sabe qu\u00e9 pertenece al sistema y qu\u00e9 es interpretaci\u00f3n.<\/strong><\/li>\n\n\n\n<li><strong>No puede discernir.<\/strong><\/li>\n\n\n\n<li><strong>No puede evaluar cr\u00edticamente.<\/strong><\/li>\n\n\n\n<li><strong>Depende del docente<\/strong> en lugar de adquirir autonom\u00eda.<\/li>\n<\/ul>\n\n\n\n<p><strong>Una ense\u00f1anza s\u00f3lida libera.<\/strong><br><strong>Una ense\u00f1anza imprecisa genera dependencia.<\/strong><\/p>\n\n\n\n<hr class=\"wp-block-separator has-alpha-channel-opacity\"\/>\n\n\n\n<p><strong>Respetar la libertad en la pr\u00e1ctica, cuidar la claridad en la ense\u00f1anza<\/strong><br>En la pr\u00e1ctica individual, cada terapeuta es <strong>libre de integrar, ampliar o combinar herramientas<\/strong> seg\u00fan su sensibilidad y formaci\u00f3n.<br>Esa libertad es <strong>leg\u00edtima y enriquecedora.<\/strong><br>No hay l\u00edmite en la <strong>creatividad cl\u00ednica<\/strong>, pero al transmitir <strong>ense\u00f1anza<\/strong> o <strong>elaborar concentrados <\/strong>se debe ser claro.<\/p>\n\n\n\n<p>Cuando ense\u00f1amos un sistema espec\u00edfico, nuestra responsabilidad es:<\/p>\n\n\n\n<ul>\n<li><strong>Diferenciar claramente el marco original<\/strong><\/li>\n\n\n\n<li><strong>Explicitar cu\u00e1ndo estamos interpretando<\/strong><\/li>\n\n\n\n<li><strong>Se\u00f1alar qu\u00e9 pertenece al corpus y qu\u00e9 pertenece a nuestra intepretaci\u00f3n personal<\/strong><\/li>\n<\/ul>\n\n\n\n<p>Esa <strong>honestidad no empobrece.<\/strong><br><strong>Al contrario: eleva.<\/strong><\/p>\n\n\n\n<hr class=\"wp-block-separator has-alpha-channel-opacity\"\/>\n\n\n\n<p><strong>Lo que esta claridad transforma en tu pr\u00e1ctica y en tu ense\u00f1anza<\/strong><br>Comprender esta diferencia te posiciona en un <strong>nivel m\u00e1s maduro de transmisi\u00f3n.<\/strong><\/p>\n\n\n\n<p>Te permite:<\/p>\n\n\n\n<ul>\n<li><strong>Ense\u00f1ar con claridad (Transmitir el m\u00e9todo)<\/strong><\/li>\n\n\n\n<li><strong>Respetar la tradici\u00f3n sin que sea r\u00edgida<\/strong><\/li>\n\n\n\n<li><strong>Cuidar la autonom\u00eda de tus cursantes<\/strong><\/li>\n\n\n\n<li><strong>Diferenciar con precisi\u00f3n entre m\u00e9todo original e interpretaci\u00f3n personal<\/strong><\/li>\n\n\n\n<li>Conservar tu <strong>libertad creativa en la pr\u00e1ctica cl\u00ednica<\/strong><\/li>\n<\/ul>\n\n\n\n<p>Pero esta <strong>fidelidad<\/strong> no se agota en la ense\u00f1anza.<br>Cuando valoramos la <strong>claridad del marco<\/strong> y el <strong>respeto por el m\u00e9todo<\/strong>, esa coherencia tambi\u00e9n se refleja en la forma en que trabajamos con los <strong>concentrados que elaboramos y distribuimos.<\/strong><\/p>\n\n\n\n<p>La misma responsabilidad que aplicamos al transmitir un sistema deber\u00eda estar presente en la <strong>elaboraci\u00f3n<\/strong>:<\/p>\n\n\n\n<ul>\n<li><strong>Respeto por los m\u00e9todos originales<\/strong><\/li>\n\n\n\n<li><strong>Transparencia en los procesos<\/strong><\/li>\n\n\n\n<li><strong>Diferenciaci\u00f3n clara entre sistemas<\/strong><\/li>\n\n\n\n<li><strong>Ausencia de mezclas ni combinaciones de m\u00e9todos elaborativos<\/strong><\/li>\n<\/ul>\n\n\n\n<p>Porque la <strong>fidelidad metodol\u00f3gica<\/strong> no es rigidez: es <strong>coherencia.<\/strong><br>Y esa coherencia permite que cada terapeuta <strong>trabaje con confianza<\/strong>, sabiendo que lo que utiliza responde realmente al sistema que dice representar.<\/p>\n\n\n\n<p>La <strong>creatividad<\/strong> pertenece al <strong>arte de la consulta.<\/strong><br>La <strong>fidelidad<\/strong> pertenece a la <strong>transmisi\u00f3n y a la elaboraci\u00f3n.<\/strong><br>Cuando ambos planos est\u00e1n ordenados, <strong>la pr\u00e1ctica se fortalece<\/strong> y la <strong>comunidad terap\u00e9utica se eleva.<\/strong><\/p>\n\n\n\n<hr class=\"wp-block-separator has-alpha-channel-opacity\"\/>\n\n\n\n<p><strong>Cuando la ense\u00f1anza y la elaboraci\u00f3n respetan el m\u00e9todo, cada terapeuta puede desplegar su creatividad con seguridad y confianza.<\/strong><br><strong>Practicar con libertad, ense\u00f1ar con claridad y trabajar con confianza en tu intuici\u00f3n:<\/strong> as\u00ed tu <strong>arte terap\u00e9utico alcanza su m\u00e1ximo potencial.<\/strong><\/p>\n\n\n<div class=\"wp-block-image\">\n<figure class=\"aligncenter size-large\"><a href=\"https:\/\/www.institutobach.com.ar\/escritos\/fidelidad-al-metodo.pdf\" target=\"_blank\" rel=\"noreferrer noopener\"><img decoding=\"async\" src=\"https:\/\/www.institutobach.com.ar\/images\/pdf.png\" alt=\"\"\/><\/a><\/figure><\/div>","protected":false},"excerpt":{"rendered":"<p>\u201cCuando la transmisi\u00f3n y la preparaci\u00f3n de los concentrados respetan el m\u00e9todo, tu pr\u00e1ctica como terapeuta se fortalece\u201d LOS ESCRITOS DEL INSTITUTONotas para Terapeutas Formadoras Fidelidad al m\u00e9todo: un principio que protege y fortalece tu pr\u00e1ctica.Se aplica tanto a la transmisi\u00f3n de las indicaciones de Bach, asegurando que la ense\u00f1anza sea clara y coherente con [&hellip;]<\/p>\n","protected":false},"author":2,"featured_media":0,"comment_status":"closed","ping_status":"open","sticky":false,"template":"","format":"standard","meta":{"footnotes":""},"categories":[22,24,17,197,199,198],"tags":[],"_links":{"self":[{"href":"http:\/\/www.institutobach.com.ar\/cursos\/wp-json\/wp\/v2\/posts\/1878"}],"collection":[{"href":"http:\/\/www.institutobach.com.ar\/cursos\/wp-json\/wp\/v2\/posts"}],"about":[{"href":"http:\/\/www.institutobach.com.ar\/cursos\/wp-json\/wp\/v2\/types\/post"}],"author":[{"embeddable":true,"href":"http:\/\/www.institutobach.com.ar\/cursos\/wp-json\/wp\/v2\/users\/2"}],"replies":[{"embeddable":true,"href":"http:\/\/www.institutobach.com.ar\/cursos\/wp-json\/wp\/v2\/comments?post=1878"}],"version-history":[{"count":3,"href":"http:\/\/www.institutobach.com.ar\/cursos\/wp-json\/wp\/v2\/posts\/1878\/revisions"}],"predecessor-version":[{"id":1881,"href":"http:\/\/www.institutobach.com.ar\/cursos\/wp-json\/wp\/v2\/posts\/1878\/revisions\/1881"}],"wp:attachment":[{"href":"http:\/\/www.institutobach.com.ar\/cursos\/wp-json\/wp\/v2\/media?parent=1878"}],"wp:term":[{"taxonomy":"category","embeddable":true,"href":"http:\/\/www.institutobach.com.ar\/cursos\/wp-json\/wp\/v2\/categories?post=1878"},{"taxonomy":"post_tag","embeddable":true,"href":"http:\/\/www.institutobach.com.ar\/cursos\/wp-json\/wp\/v2\/tags?post=1878"}],"curies":[{"name":"wp","href":"https:\/\/api.w.org\/{rel}","templated":true}]}}