{"id":1872,"date":"2026-02-11T01:28:46","date_gmt":"2026-02-11T04:28:46","guid":{"rendered":"https:\/\/www.institutobach.com.ar\/cursos\/?p=1872"},"modified":"2026-02-11T01:38:50","modified_gmt":"2026-02-11T04:38:50","slug":"la-propuesta-holistica-de-bach-coherencia-vital-e-integracion-interior","status":"publish","type":"post","link":"http:\/\/www.institutobach.com.ar\/cursos\/flores-de-bach-y-tph\/la-propuesta-holistica-de-bach-coherencia-vital-e-integracion-interior\/","title":{"rendered":"La propuesta hol\u00edstica de Bach: coherencia vital e integraci\u00f3n interior"},"content":{"rendered":"\n<p><strong>LOS ESCRITOS DEL INSTITUTO<\/strong><strong><br><\/strong><strong>Notas para Terapeutas Formadoras<\/strong><\/p>\n\n\n\n<hr class=\"wp-block-separator has-alpha-channel-opacity\"\/>\n\n\n\n<p><em>Esta mirada puede comprenderse como hol\u00edstica en su sentido m\u00e1s esencial: considerar a la persona como una totalidad viva, donde el cuerpo, la experiencia mental-emocional y la dimensi\u00f3n espiritual no est\u00e1n separadas, sino que buscan coherencia e integraci\u00f3n.<\/em><\/p>\n\n\n\n<h3 class=\"wp-block-heading\"><strong>La persona como totalidad viva: cuerpo, experiencia mental-emocional y coherencia espiritual<\/strong><\/h3>\n\n\n\n<p>En la mirada original del Dr. Edward Bach, el ser humano no es un conjunto de partes separadas, sino una <strong>unidad viva<\/strong> en la que distintos planos de experiencia se interrelacionan de manera constante.<br>Cuando alguno de estos planos se desarmoniza o queda desconectado de los otros, la fuerza vital disminuye y la personalidad comienza a interferir con la expresi\u00f3n m\u00e1s profunda del ser.<\/p>\n\n\n\n<p>Comprender a la persona como totalidad no implica complejizar la terapia, <strong>sino orientarla con mayor claridad.<\/strong><\/p>\n\n\n\n<p>Desde esta perspectiva, podemos reconocer tres grandes dimensiones de la experiencia humana que, lejos de estar separadas, se influyen mutuamente todo el tiempo.<\/p>\n\n\n\n<hr class=\"wp-block-separator has-alpha-channel-opacity\"\/>\n\n\n\n<h3 class=\"wp-block-heading\"><strong>Dimensi\u00f3n f\u00edsica<\/strong><\/h3>\n\n\n\n<p>La dimensi\u00f3n f\u00edsica comprende el cuerpo, los ritmos biol\u00f3gicos y el terreno.<br>Es el plano donde se evidencian los efectos de la desarmon\u00eda en forma de s\u00edntomas.<\/p>\n\n\n\n<p>Bach era m\u00e9dico y nunca neg\u00f3 la dimensi\u00f3n f\u00edsica; pero, al mismo tiempo, como home\u00f3pata comprendi\u00f3 que este plano por s\u00ed solo no alcanza para explicar el origen profundo del desequilibrio ni para restablecer una armon\u00eda duradera.<\/p>\n\n\n\n<p>El cuerpo expresa lo que ocurre en niveles m\u00e1s profundos de la experiencia.<\/p>\n\n\n\n<hr class=\"wp-block-separator has-alpha-channel-opacity\"\/>\n\n\n\n<h3 class=\"wp-block-heading\"><strong>Dimensi\u00f3n mental-emocional<\/strong><\/h3>\n\n\n\n<p>La dimensi\u00f3n mental-emocional incluye los estados an\u00edmicos, pensamientos y sentimientos, las reacciones conscientes y autom\u00e1ticas, las conductas habituales y los modos vinculares.<br><br>Es el plano donde surgen miedos, dudas, rigidez, impulsividad o tendencias de escape y control, y donde las Flores de Bach act\u00faan como un sistema sutil para armonizar la vitalidad y favorecer la expresi\u00f3n de las virtudes positivas.<\/p>\n\n\n\n<p>Sin embargo, esta dimensi\u00f3n no est\u00e1 compuesta solo por emociones: tambi\u00e9n incluye la <strong>manera en que una persona responde a lo que siente<\/strong>.<\/p>\n\n\n\n<p>Aqu\u00ed aparece una funci\u00f3n clave, muchas veces poco atendida: la <strong>capacidad de elecci\u00f3n y de respuesta consciente<\/strong>.<\/p>\n\n\n\n<p>No se trata de analizar ni de \u201cpensar demasiado\u201d, sino de poder:<\/p>\n\n\n\n<ul>\n<li>darse cuenta de lo que se est\u00e1 repitiendo,<\/li>\n\n\n\n<li>reconocer automatismos heredados,<\/li>\n\n\n\n<li>y elegir una respuesta m\u00e1s alineada con la vida.<\/li>\n<\/ul>\n\n\n\n<p>Cuando esta funci\u00f3n no est\u00e1 integrada, la persona, aun habiendo trabajado su nivel emocional, tiende a repetir los mismos modos de respuesta, porque a\u00fan no ha integrado plenamente la capacidad de elegir su reacci\u00f3n. Trabajando el plano mental-emocional con las Flores de Bach se produce un equilibrio vital que facilita el desarrollo y la expresi\u00f3n de las aptitudes positivas.<\/p>\n\n\n\n<p><br>En cambio, cuando esta funci\u00f3n est\u00e1 integrada, la persona puede responder desde una elecci\u00f3n consciente, activando sus estados del yo positivos y desplazando autom\u00e1ticamente las respuestas que antes eran repetitivas o r\u00edgidas, favoreciendo as\u00ed una conducta coherente con su vitalidad y con los mandatos positivos del alma.<\/p>\n\n\n\n<hr class=\"wp-block-separator has-alpha-channel-opacity\"\/>\n\n\n\n<p><strong>Integrar la virtud positiva<br>Desde la mirada de Bach, la curaci\u00f3n ocurre integrando la virtud positiva que reemplaza el conflicto.<\/strong><\/p>\n\n\n\n<ul>\n<li>El miedo se transforma en coraje.<\/li>\n\n\n\n<li>La rigidez se desplaza por flexibilidad.<\/li>\n\n\n\n<li>La desesperanza se sustituye por fe y sentido.<\/li>\n<\/ul>\n\n\n\n<p>Este principio es central en la terapia floral: <strong>no se fortalece lo que desequilibra, sino lo que armoniza y eleva la vitalidad<\/strong>.<\/p>\n\n\n\n<p>Cuando una persona logra integrar una respuesta m\u00e1s vital, m\u00e1s coherente y m\u00e1s alineada con su verdad, la energ\u00eda deja de dispersarse en el conflicto interno y la fuerza vital aumenta.<br>A esto muchas personas lo llaman \u2018elevar la vibraci\u00f3n\u2019. Nuestra herramienta de lectura floral permite interpretar ese lenguaje amplio y difuso, proporcionando una gu\u00eda clara y concreta para armonizar la vitalidad y favorecer la expresi\u00f3n de las aptitudes positivas.<\/p>\n\n\n\n<hr class=\"wp-block-separator has-alpha-channel-opacity\"\/>\n\n\n\n<h3 class=\"wp-block-heading\"><strong>Estados internos positivos y mandatos heredados<\/strong><\/h3>\n\n\n\n<p>En la experiencia terap\u00e9utica es frecuente encontrar <strong>mandatos heredados<\/strong>, familiares o transgeneracionales, que operan de manera inconsciente.<br>Muchos de ellos fueron \u00fatiles en otro contexto, pero hoy limitan la libertad interior y fragmentan la energ\u00eda.<\/p>\n\n\n\n<p>La integraci\u00f3n no consiste en luchar contra esos mandatos, sino en reconocerlos y darles lugar, ejerciendo en la vida cotidiana sus versiones positivas: aquellas que sostienen la vida, fomentan el cuidado, promueven la responsabilidad y facilitan la libertad. Cuando se integran estos aspectos positivos de la personalidad:<\/p>\n\n\n\n<ul>\n<li>la protecci\u00f3n deja de ser control,<\/li>\n\n\n\n<li>la norma deja de ser rigidez,<\/li>\n\n\n\n<li>la espontaneidad deja de ser impulsividad,<\/li>\n\n\n\n<li>la responsabilidad deja de ser culpa.<\/li>\n<\/ul>\n\n\n\n<p>La dimensi\u00f3n mental-emocional se armoniza, y con ello disminuye la interferencia de la personalidad.<\/p>\n\n\n\n<hr class=\"wp-block-separator has-alpha-channel-opacity\"\/>\n\n\n\n<h3 class=\"wp-block-heading\"><strong>Dimensi\u00f3n espiritual<\/strong><\/h3>\n\n\n\n<p>La dimensi\u00f3n espiritual no se refiere a una creencia particular, sino a la relaci\u00f3n \u00edntima de cada persona con su prop\u00f3sito, su sentido y su coherencia interior.<\/p>\n\n\n\n<p>Bach fue claro al se\u00f1alar que la enfermedad aparece cuando la personalidad se separa de los mandatos del alma.<br>Cuando esto ocurre, surge el conflicto interno, la p\u00e9rdida de direcci\u00f3n y el sufrimiento.<\/p>\n\n\n\n<p>La verdadera sanaci\u00f3n no consiste en \u201ctrabajar lo espiritual\u201d de manera abstracta, sino en <strong>permitir que la personalidad no interfiera<\/strong> con los mandatos del Alma.<\/p>\n\n\n\n<hr class=\"wp-block-separator has-alpha-channel-opacity\"\/>\n\n\n\n<h3 class=\"wp-block-heading\"><strong>Coherencia, fuerza vital y libertad interior<\/strong><\/h3>\n\n\n\n<p>Cuando las tres dimensiones \u2014f\u00edsica, mental-emocional y espiritual\u2014 se alinean, la persona experimenta una sensaci\u00f3n profunda de coherencia.<br>Hay menos lucha interna, menos contradicci\u00f3n y m\u00e1s disponibilidad para vivir con claridad y presencia.<\/p>\n\n\n\n<p>Integrar la virtud positiva, integrar respuestas m\u00e1s conscientes e integrar mandatos vitales no es un proceso mental: es un proceso de <strong>integraci\u00f3n, clarificaci\u00f3n y armonizaci\u00f3n interna<\/strong>.<\/p>\n\n\n\n<p>Cuando esa armon\u00eda aparece, la fuerza vital se eleva de manera natural y la personalidad deja de interferir con los mandatos del alma.<br><br><br><\/p>\n\n\n\n<p>Como ense\u00f1aba Bach, nunca debemos perder de vista la cualidad positiva que necesitamos cultivar en cada momento.<\/p>\n\n\n\n<p>\u201c<em>Cada sonrisa amistosa, cada pensamiento y acci\u00f3n amables, cada hecho producido por amor o compasi\u00f3n a los dem\u00e1s, demuestra que dentro de nosotros hay algo m\u00e1s grande de lo que podemos ver. Llevamos una chispa de lo divino, y dentro de nosotros reside un principio vital e inmortal.<\/em><\/p>\n\n\n\n<p><em>Y cuanto m\u00e1s brille dentro de nosotros esa chispa de la divinidad, m\u00e1s irradiar\u00e1 nuestra vida \u201d.<\/em><br>&#8211; Dr. Edward Bach<\/p>\n\n\n\n<p>\u201c<em>Casi cada uno de nosotros posee alg\u00fan rasgo de car\u00e1cter que desv\u00eda de la armon\u00eda\u201d.<\/em><br>&#8211; Dr. Edward Bach<\/p>\n\n\n\n<p><\/p>\n\n\n<div class=\"wp-block-image\">\n<figure class=\"aligncenter size-large\"><a href=\"https:\/\/www.institutobach.com.ar\/escritos\/la-propuesta-holistica-de-bach.pdf\" target=\"_blank\" rel=\"noreferrer noopener\"><img decoding=\"async\" src=\"https:\/\/www.institutobach.com.ar\/images\/pdf.png\" alt=\"\"\/><\/a><\/figure><\/div>","protected":false},"excerpt":{"rendered":"<p>LOS ESCRITOS DEL INSTITUTONotas para Terapeutas Formadoras Esta mirada puede comprenderse como hol\u00edstica en su sentido m\u00e1s esencial: considerar a la persona como una totalidad viva, donde el cuerpo, la experiencia mental-emocional y la dimensi\u00f3n espiritual no est\u00e1n separadas, sino que buscan coherencia e integraci\u00f3n. La persona como totalidad viva: cuerpo, experiencia mental-emocional y coherencia [&hellip;]<\/p>\n","protected":false},"author":2,"featured_media":0,"comment_status":"closed","ping_status":"open","sticky":false,"template":"","format":"standard","meta":{"footnotes":""},"categories":[22,36,176,19,197,199,198],"tags":[],"_links":{"self":[{"href":"http:\/\/www.institutobach.com.ar\/cursos\/wp-json\/wp\/v2\/posts\/1872"}],"collection":[{"href":"http:\/\/www.institutobach.com.ar\/cursos\/wp-json\/wp\/v2\/posts"}],"about":[{"href":"http:\/\/www.institutobach.com.ar\/cursos\/wp-json\/wp\/v2\/types\/post"}],"author":[{"embeddable":true,"href":"http:\/\/www.institutobach.com.ar\/cursos\/wp-json\/wp\/v2\/users\/2"}],"replies":[{"embeddable":true,"href":"http:\/\/www.institutobach.com.ar\/cursos\/wp-json\/wp\/v2\/comments?post=1872"}],"version-history":[{"count":5,"href":"http:\/\/www.institutobach.com.ar\/cursos\/wp-json\/wp\/v2\/posts\/1872\/revisions"}],"predecessor-version":[{"id":1877,"href":"http:\/\/www.institutobach.com.ar\/cursos\/wp-json\/wp\/v2\/posts\/1872\/revisions\/1877"}],"wp:attachment":[{"href":"http:\/\/www.institutobach.com.ar\/cursos\/wp-json\/wp\/v2\/media?parent=1872"}],"wp:term":[{"taxonomy":"category","embeddable":true,"href":"http:\/\/www.institutobach.com.ar\/cursos\/wp-json\/wp\/v2\/categories?post=1872"},{"taxonomy":"post_tag","embeddable":true,"href":"http:\/\/www.institutobach.com.ar\/cursos\/wp-json\/wp\/v2\/tags?post=1872"}],"curies":[{"name":"wp","href":"https:\/\/api.w.org\/{rel}","templated":true}]}}