{"id":1870,"date":"2026-02-09T01:26:22","date_gmt":"2026-02-09T04:26:22","guid":{"rendered":"https:\/\/www.institutobach.com.ar\/cursos\/?p=1870"},"modified":"2026-02-09T01:26:22","modified_gmt":"2026-02-09T04:26:22","slug":"el-marco-teorico-del-sistema-bach","status":"publish","type":"post","link":"http:\/\/www.institutobach.com.ar\/cursos\/el-terapeuta\/el-marco-teorico-del-sistema-bach\/","title":{"rendered":"El marco te\u00f3rico del Sistema Bach"},"content":{"rendered":"\n<h3 class=\"wp-block-heading\"><em>La Terapia Floral de Bach seg\u00fan la obra integrada de Edward Bach<\/em><\/h3>\n\n\n\n<h3 class=\"wp-block-heading\">Introducci\u00f3n<\/h3>\n\n\n\n<p>Las Flores de Bach no constituyen un conjunto de remedios aislados, sino que adquieren sentido dentro del sistema terap\u00e9utico que Edward Bach dej\u00f3 integrado.<\/p>\n\n\n\n<p>Este documento explicita el <strong>marco desde el cual ense\u00f1amos y transmitimos las Flores de Bach<\/strong>.<\/p>\n\n\n\n<hr class=\"wp-block-separator has-alpha-channel-opacity\"\/>\n\n\n\n<h3 class=\"wp-block-heading\">Nuestro enfoque<\/h3>\n\n\n\n<p>En el Instituto Argentino de Flores de Bach ense\u00f1amos las Flores de Bach desde el <strong>marco conceptual, filos\u00f3fico y terap\u00e9utico<\/strong> que el propio Dr. Edward Bach dej\u00f3 expresado en su obra ya integrada y pulida.<\/p>\n\n\n\n<blockquote class=\"wp-block-quote\">\n<p>\u201cCuando una obra est\u00e1 verdaderamente integrada, no necesita ser reinterpretada para seguir vigente.\u201d<\/p>\n<\/blockquote>\n\n\n\n<p>Nuestra formaci\u00f3n se apoya principalmente en los escritos donde Bach present\u00f3 su sistema tal como deseaba que fuera comprendido y transmitido: <strong>una s\u00edntesis madura de su investigaci\u00f3n<\/strong>, desarrollada desde un enfoque vitalista-espiritual y <strong>no psicologizante<\/strong>, coherente con su formaci\u00f3n m\u00e9dica y homeop\u00e1tica.<\/p>\n\n\n\n<p>Cuando recurrimos a textos anteriores o a documentos preliminares, lo hacemos <strong>de manera contextualizada<\/strong>, aclarando siempre su car\u00e1cter exploratorio, sabiendo \u2014como el propio Bach expres\u00f3\u2014 que su intenci\u00f3n era evitar que versiones previas generaran confusi\u00f3n una vez que su trabajo hab\u00eda sido actualizado e integrado.<\/p>\n\n\n\n<p>De este modo, nuestra ense\u00f1anza <strong>no se basa en reinterpretaciones posteriores ni en marcos te\u00f3ricos ajenos a Bach<\/strong>, sino en afirmarnos en lo que \u00e9l mismo dijo, escribi\u00f3 y sostuvo al final de su proceso de investigaci\u00f3n, ofreciendo as\u00ed <strong>una transmisi\u00f3n fiel y clara de las Flores de Bach, plenamente vigente para la vida contempor\u00e1nea<\/strong>.<\/p>\n\n\n\n<hr class=\"wp-block-separator has-alpha-channel-opacity\"\/>\n\n\n\n<h3 class=\"wp-block-heading\">Distinci\u00f3n de textos<\/h3>\n\n\n\n<p>En nuestra ense\u00f1anza distinguimos entre:<\/p>\n\n\n\n<p><strong>Textos integrados a la obra original de Edward Bach<\/strong><\/p>\n\n\n\n<ul>\n<li>Escritos en los que el propio Bach dej\u00f3 expresada su formulaci\u00f3n ya integrada y actualizada del sistema de Flores de Bach.<\/li>\n<\/ul>\n\n\n\n<p><strong>Textos previos no integrados a su obra<\/strong><\/p>\n\n\n\n<ul>\n<li>Documentos y escritos exploratorios que forman parte de su proceso de investigaci\u00f3n, pero que no fueron incorporados por Bach a la formulaci\u00f3n final de su sistema.<\/li>\n<\/ul>\n\n\n\n<blockquote class=\"wp-block-quote\">\n<p>\u201cLa obra integrada de Bach es atemporal porque \u00e9l mismo la dej\u00f3 actualizada con precisi\u00f3n y simplicidad.\u201d<\/p>\n<\/blockquote>\n\n\n\n<hr class=\"wp-block-separator has-alpha-channel-opacity\"\/>\n\n\n\n<h3 class=\"wp-block-heading\">Uso de la obra completa<\/h3>\n\n\n\n<p>La lectura de todos los escritos de Edward Bach permite <strong>comprender las distintas fases de su proceso de investigaci\u00f3n y su evoluci\u00f3n personal y profesional<\/strong>.<\/p>\n\n\n\n<p>No obstante, cuando se trata de la <strong>ense\u00f1anza y aplicaci\u00f3n terap\u00e9utica<\/strong> de las Flores de Bach, es necesario distinguir aquellos <strong>textos integrados a su obra original<\/strong> \u2014donde dej\u00f3 expresado su sistema ya actualizado\u2014 de aquellos escritos previos que forman parte de su recorrido investigativo.<\/p>\n\n\n\n<p>El sistema tal como fue integrado por Bach es <strong>completo, coherente y cl\u00ednicamente operativo<\/strong>, y su pr\u00e1ctica continuada a lo largo de casi un siglo ha generado <strong>una amplia experiencia cl\u00ednica acumulada que avala su vigencia<\/strong>.<\/p>\n\n\n\n<hr class=\"wp-block-separator has-alpha-channel-opacity\"\/>\n\n\n\n<h3 class=\"wp-block-heading\">Consulta directa a Bach<\/h3>\n\n\n\n<blockquote class=\"wp-block-quote\">\n<p>\u201cAnte cualquier duda, recomendamos consultar al Dr. Bach en sus propios escritos:\u201d<\/p>\n<\/blockquote>\n\n\n\n<ul>\n<li><em>Los Doce Curadores y otros remedios<\/em><\/li>\n\n\n\n<li><em>C\u00farese a usted mismo<\/em><\/li>\n\n\n\n<li><em>Conferencia de Wallingford<\/em><\/li>\n\n\n\n<li><em>Conferencia Mas\u00f3nica<\/em><\/li>\n<\/ul>\n\n\n\n<hr class=\"wp-block-separator has-alpha-channel-opacity\"\/>\n\n\n\n<blockquote class=\"wp-block-quote\">\n<p>\u201cLa fidelidad a una obra comienza por respetar el modo en que su autor decidi\u00f3 integrarla.<br>Para que la Obra de Bach conserve el lugar que le es propio y le corresponde, y para que la tradici\u00f3n de su arte pase a las generaciones futuras en toda su pureza.\u201d<\/p>\n<\/blockquote>\n\n\n\n<hr class=\"wp-block-separator has-alpha-channel-opacity\"\/>\n\n\n\n<p><strong>Filosof\u00eda de trabajo<\/strong><\/p>\n\n\n\n<p>Creemos que:<\/p>\n\n\n\n<ul>\n<li>Cada sistema merece ser ense\u00f1ado desde su propio marco.<\/li>\n\n\n\n<li>Cada elaboraci\u00f3n debe ser fiel al m\u00e9todo que representa.<\/li>\n\n\n\n<li>Cada terapeuta y consultante tiene derecho a saber cu\u00e1ndo est\u00e1 trabajando con Bach y cu\u00e1ndo con otro sistema.<\/li>\n<\/ul>\n\n\n\n<p>Por eso:<\/p>\n\n\n\n<ul>\n<li>Elaboramos concentrados Bach fieles a la obra original.<\/li>\n\n\n\n<li>Elaboramos tambi\u00e9n concentrados para otros sistemas, claramente diferenciados.<\/li>\n\n\n\n<li>Formamos terapeutas capaces de transitar distintos lenguajes sin confundirlos.<\/li>\n<\/ul>\n\n\n\n<p>El futuro de las terapias florales no est\u00e1 en que todo sea lo mismo. Est\u00e1 en <strong>elevar el nivel de conciencia metodol\u00f3gica<\/strong>.<\/p>\n\n\n\n<p><strong>M\u00e1s claridad. M\u00e1s fidelidad. M\u00e1s respeto por cada sistema.<\/strong><\/p>\n\n\n<div class=\"wp-block-image\">\n<figure class=\"aligncenter size-large\"><a href=\"https:\/\/www.institutobach.com.ar\/escritos\/el-marco-teorico-del-sistema-bach.pdf\" target=\"_blank\" rel=\"noreferrer noopener\"><img decoding=\"async\" src=\"https:\/\/www.institutobach.com.ar\/images\/pdf.png\" alt=\"\"\/><\/a><\/figure><\/div>","protected":false},"excerpt":{"rendered":"<p>La Terapia Floral de Bach seg\u00fan la obra integrada de Edward Bach Introducci\u00f3n Las Flores de Bach no constituyen un conjunto de remedios aislados, sino que adquieren sentido dentro del sistema terap\u00e9utico que Edward Bach dej\u00f3 integrado. Este documento explicita el marco desde el cual ense\u00f1amos y transmitimos las Flores de Bach. Nuestro enfoque En [&hellip;]<\/p>\n","protected":false},"author":2,"featured_media":0,"comment_status":"closed","ping_status":"open","sticky":false,"template":"","format":"standard","meta":{"footnotes":""},"categories":[22,24,36,197,199,198],"tags":[],"_links":{"self":[{"href":"http:\/\/www.institutobach.com.ar\/cursos\/wp-json\/wp\/v2\/posts\/1870"}],"collection":[{"href":"http:\/\/www.institutobach.com.ar\/cursos\/wp-json\/wp\/v2\/posts"}],"about":[{"href":"http:\/\/www.institutobach.com.ar\/cursos\/wp-json\/wp\/v2\/types\/post"}],"author":[{"embeddable":true,"href":"http:\/\/www.institutobach.com.ar\/cursos\/wp-json\/wp\/v2\/users\/2"}],"replies":[{"embeddable":true,"href":"http:\/\/www.institutobach.com.ar\/cursos\/wp-json\/wp\/v2\/comments?post=1870"}],"version-history":[{"count":1,"href":"http:\/\/www.institutobach.com.ar\/cursos\/wp-json\/wp\/v2\/posts\/1870\/revisions"}],"predecessor-version":[{"id":1871,"href":"http:\/\/www.institutobach.com.ar\/cursos\/wp-json\/wp\/v2\/posts\/1870\/revisions\/1871"}],"wp:attachment":[{"href":"http:\/\/www.institutobach.com.ar\/cursos\/wp-json\/wp\/v2\/media?parent=1870"}],"wp:term":[{"taxonomy":"category","embeddable":true,"href":"http:\/\/www.institutobach.com.ar\/cursos\/wp-json\/wp\/v2\/categories?post=1870"},{"taxonomy":"post_tag","embeddable":true,"href":"http:\/\/www.institutobach.com.ar\/cursos\/wp-json\/wp\/v2\/tags?post=1870"}],"curies":[{"name":"wp","href":"https:\/\/api.w.org\/{rel}","templated":true}]}}