{"id":1859,"date":"2026-02-07T23:59:32","date_gmt":"2026-02-08T02:59:32","guid":{"rendered":"https:\/\/www.institutobach.com.ar\/cursos\/?p=1859"},"modified":"2026-02-08T00:17:19","modified_gmt":"2026-02-08T03:17:19","slug":"no-suficiente-no-es-lo-mismo-que-invalido","status":"publish","type":"post","link":"http:\/\/www.institutobach.com.ar\/cursos\/el-terapeuta\/no-suficiente-no-es-lo-mismo-que-invalido\/","title":{"rendered":"\u201cNo suficiente\u201d, no es lo mismo que \u201cinv\u00e1lido\u201d"},"content":{"rendered":"\n<p class=\"has-text-align-center\"><strong>LOS ESCRITOS DEL INSTITUTO<\/strong><br><strong>Notas para Terapeutas Formadoras<\/strong><em><br><\/em><\/p>\n\n\n\n<hr class=\"wp-block-separator has-alpha-channel-opacity\"\/>\n\n\n\n<p>En las terapias florales suele repetirse la idea de que las Flores de Bach, en algunas situaciones, \u201cno son suficientes\u201d. Consideramos importante aclarar que toda afirmaci\u00f3n de insuficiencia responde siempre a un marco te\u00f3rico determinado, aun cuando ese marco no sea expl\u00edcitamente declarado. Desde el marco original de Edward Bach \u2014tal como lo transmiti\u00f3 Bach y formul\u00f3 en su obra final\u2014 el sistema es suficiente en s\u00ed mismo, coherente y cl\u00ednicamente operativo. Casi cien a\u00f1os de pr\u00e1ctica sostenida, con resultados positivos y observables, constituyen una historia cl\u00ednica acumulada que da cuenta de ello.<\/p>\n\n\n\n<p>Cuando otros enfoques lo reinterpretan desde teor\u00edas ajenas a Bach, es comprensible que, desde esos marcos, el sistema sea presentado como \u201cinsuficiente\u201d, ya que se le exige responder a criterios que no le pertenecen. Una terapeuta floral que sabe leer esta diferencia, enriquece su pr\u00e1ctica al poder reconocer desde qu\u00e9 lugar se eval\u00faa, qu\u00e9 demanda se instala en el v\u00ednculo terap\u00e9utico floral y cu\u00e1ndo una exigencia externa desplaza la experiencia del sujeto. Conocer estos marcos no limita la libertad cl\u00ednica \u2014la protege\u2014, devolviendo criterio, claridad y autonom\u00eda a quien acompa\u00f1a procesos terap\u00e9uticos con Flores de Bach, incluso (y especialmente) cuando su sensibilidad sea hol\u00edstica o transpersonal.<\/p>\n\n\n\n<p>Si aplicamos este lenguaje de lectura del v\u00ednculo floral, podemos observar el proceso terap\u00e9utico con mayor conciencia y discernir cu\u00e1ndo estamos actuando desde una exigencia internalizada \u2014a modo de un Padre Cr\u00edtico espiritualizado\u2014 y cu\u00e1ndo es posible pasar a sostener el proceso desde un Padre Nutritivo positivo, sin sobreprotecci\u00f3n, o desde un estado Adulto que sabe elegir seg\u00fan tipolog\u00edas y estados mentales observables.<\/p>\n\n\n\n<p>Vale aclarar, por ejemplo, que en determinadas situaciones las Flores de Bach no son suficientes desde otros marcos terap\u00e9uticos. En el \u00e1mbito de la traumatolog\u00eda, ante un accidente grave, el abordaje de una quebradura requiere recolocar el hueso e inmovilizarlo; all\u00ed las flores no alcanzan por s\u00ed solas. Sin embargo, esto no vuelve insuficiente al Sistema de Bach, ya que su finalidad y su campo de acci\u00f3n son otros. Dentro de su propio marco, el sistema no es insuficiente; en otros marcos, la evaluaci\u00f3n depender\u00e1 de lo que se est\u00e9 buscando.<\/p>\n\n\n\n<p><strong>Tal vez la pregunta no sea por qu\u00e9 no es suficiente, sino para qui\u00e9n no lo es.<\/strong><\/p>\n\n\n<div class=\"wp-block-image\">\n<figure class=\"aligncenter size-large\"><a href=\"https:\/\/www.institutobach.com.ar\/escritos\/no-suficiente-no-es-lo-mismo-que-invalido.pdf\" target=\"_blank\" rel=\"noreferrer noopener\"><img decoding=\"async\" src=\"https:\/\/www.institutobach.com.ar\/images\/pdf.png\" alt=\"\"\/><\/a><\/figure><\/div>","protected":false},"excerpt":{"rendered":"<p>LOS ESCRITOS DEL INSTITUTONotas para Terapeutas Formadoras En las terapias florales suele repetirse la idea de que las Flores de Bach, en algunas situaciones, \u201cno son suficientes\u201d. Consideramos importante aclarar que toda afirmaci\u00f3n de insuficiencia responde siempre a un marco te\u00f3rico determinado, aun cuando ese marco no sea expl\u00edcitamente declarado. Desde el marco original de [&hellip;]<\/p>\n","protected":false},"author":2,"featured_media":0,"comment_status":"closed","ping_status":"open","sticky":false,"template":"","format":"standard","meta":{"footnotes":""},"categories":[22,197,199,198],"tags":[],"_links":{"self":[{"href":"http:\/\/www.institutobach.com.ar\/cursos\/wp-json\/wp\/v2\/posts\/1859"}],"collection":[{"href":"http:\/\/www.institutobach.com.ar\/cursos\/wp-json\/wp\/v2\/posts"}],"about":[{"href":"http:\/\/www.institutobach.com.ar\/cursos\/wp-json\/wp\/v2\/types\/post"}],"author":[{"embeddable":true,"href":"http:\/\/www.institutobach.com.ar\/cursos\/wp-json\/wp\/v2\/users\/2"}],"replies":[{"embeddable":true,"href":"http:\/\/www.institutobach.com.ar\/cursos\/wp-json\/wp\/v2\/comments?post=1859"}],"version-history":[{"count":7,"href":"http:\/\/www.institutobach.com.ar\/cursos\/wp-json\/wp\/v2\/posts\/1859\/revisions"}],"predecessor-version":[{"id":1866,"href":"http:\/\/www.institutobach.com.ar\/cursos\/wp-json\/wp\/v2\/posts\/1859\/revisions\/1866"}],"wp:attachment":[{"href":"http:\/\/www.institutobach.com.ar\/cursos\/wp-json\/wp\/v2\/media?parent=1859"}],"wp:term":[{"taxonomy":"category","embeddable":true,"href":"http:\/\/www.institutobach.com.ar\/cursos\/wp-json\/wp\/v2\/categories?post=1859"},{"taxonomy":"post_tag","embeddable":true,"href":"http:\/\/www.institutobach.com.ar\/cursos\/wp-json\/wp\/v2\/tags?post=1859"}],"curies":[{"name":"wp","href":"https:\/\/api.w.org\/{rel}","templated":true}]}}