{"id":1845,"date":"2026-02-02T00:00:43","date_gmt":"2026-02-02T03:00:43","guid":{"rendered":"https:\/\/www.institutobach.com.ar\/cursos\/?p=1845"},"modified":"2026-02-02T00:04:50","modified_gmt":"2026-02-02T03:04:50","slug":"mandatos-heredados-una-posibilidad","status":"publish","type":"post","link":"http:\/\/www.institutobach.com.ar\/cursos\/notas\/mandatos-heredados-una-posibilidad\/","title":{"rendered":"Mandatos heredados: Una posibilidad"},"content":{"rendered":"\n<p><strong>Autonom\u00eda y el enfoque original de Bach, centrado en la pr\u00e1ctica diaria<\/strong><\/p>\n\n\n\n<p>En el enfoque original del Dr. Edward Bach su propuesta <strong>no invita a depender de interpretaciones externas<\/strong> ni de figuras que \u201cleen\u201d por la persona, sino a <strong>desarrollar discernimiento propio<\/strong> y a <strong>ejercer, en la vida diaria, los valores del Alma<\/strong>. En este sentido, el trabajo floral <strong>no busca explicar la vida, sino vivirla<\/strong>.<\/p>\n\n\n\n<p>No se trata de un enfoque mejor ni superior, sino <strong>diferente<\/strong>: un enfoque que <strong>reduce la dependencia de discursos, de intermediarios y de promesas de transformaci\u00f3n futura<\/strong>, y <strong>devuelve el eje al presente y a la acci\u00f3n personal<\/strong>.<\/p>\n\n\n\n<p>El aprendizaje florece en la <strong>vida cotidiana<\/strong>, cada vez que <strong>ejercemos los valores del Alma<\/strong>. No ocurre solo en la consulta, sino que <strong>acompa\u00f1a nuestra vida diaria<\/strong>, seg\u00fan lo que decidamos <strong>vivir y practicar<\/strong>.<\/p>\n\n\n\n<hr class=\"wp-block-separator has-alpha-channel-opacity\"\/>\n\n\n\n<p><strong>M\u00e1s all\u00e1 del lenguaje:<\/strong><strong> <\/strong><strong><br>M\u00e1s all\u00e1 del lenguaje que se use \u2014arquetipos, ancestros o mandatos heredados\u2014 lo decisivo es si la persona sigue obedeci\u00e9ndolos o empieza a vivir desde el Alma.<\/strong><\/p>\n\n\n\n<hr class=\"wp-block-separator has-alpha-channel-opacity\"\/>\n\n\n\n<h3 class=\"wp-block-heading\"><strong>Mandatos familiares negativos:<\/strong><\/h3>\n\n\n\n<p><strong>El t\u00e9rmino que utilizamos de \u201cMandatos familiares negativos\u201d es:<\/strong><\/p>\n\n\n\n<ul>\n<li>preciso<\/li>\n\n\n\n<li>riguroso<\/li>\n\n\n\n<li>coherente con el AT<\/li>\n\n\n\n<li>coherente con la l\u00f3gica de Bach (personalidad \u2260 Alma)<\/li>\n<\/ul>\n\n\n\n<hr class=\"wp-block-separator has-alpha-channel-opacity\"\/>\n\n\n\n<h2 class=\"wp-block-heading\">\u00bfUn mandato familiar puede ser en realidad social?<\/h2>\n\n\n\n<p><strong>Absolutamente s\u00ed.<\/strong><\/p>\n\n\n\n<p>Desde AT esto es clar\u00edsimo:<\/p>\n\n\n\n<ul>\n<li>muchos mandatos <strong>no nacen en la familia<\/strong><\/li>\n\n\n\n<li>la familia es <strong>el canal de transmisi\u00f3n<\/strong><\/li>\n\n\n\n<li>el origen puede ser:\n<ul>\n<li>social<\/li>\n\n\n\n<li>cultural<\/li>\n\n\n\n<li>hist\u00f3rico<\/li>\n\n\n\n<li>de \u00e9poca<\/li>\n\n\n\n<li>de g\u00e9nero<\/li>\n\n\n\n<li>de clase<\/li>\n<\/ul>\n<\/li>\n<\/ul>\n\n\n\n<p>Ejemplos t\u00edpicos:<\/p>\n\n\n\n<ul>\n<li>\u201cNo destaques\u201d<\/li>\n\n\n\n<li>\u201cCallate\u201d<\/li>\n\n\n\n<li>\u201cPrimero los dem\u00e1s\u201d<\/li>\n\n\n\n<li>\u201cNo disfrutes\u201d<\/li>\n\n\n\n<li>\u201cNo seas vos\u201d<\/li>\n<\/ul>\n\n\n\n<p>&#8211; Para los padres:<\/p>\n\n\n\n<ul>\n<li>era \u201clo normal\u201d<\/li>\n\n\n\n<li>era \u201clo correcto\u201d<\/li>\n\n\n\n<li>era \u201clo que hab\u00eda que hacer\u201d<\/li>\n<\/ul>\n\n\n\n<p>&#8211; Para el hijo:<\/p>\n\n\n\n<ul>\n<li>se vuelve <strong>mandato familiar<\/strong><\/li>\n\n\n\n<li>porque entra <strong>emocionalmente cargado<\/strong><\/li>\n\n\n\n<li>y queda asociado a amor, pertenencia y supervivencia<\/li>\n<\/ul>\n\n\n\n<p>Esto <strong>no contradice a Bach<\/strong>, al contrario:<\/p>\n\n\n\n<ul>\n<li>la Personalidad se adapta<\/li>\n\n\n\n<li>el Alma queda desplazada<\/li>\n\n\n\n<li>aparecen los estados emocionales que Bach describi\u00f3<\/li>\n<\/ul>\n\n\n\n<hr class=\"wp-block-separator has-alpha-channel-opacity\"\/>\n\n\n\n<p><strong>Si esta perspectiva despierta preguntas, incomodidad o alivio, quiz\u00e1 valga la pena explorarla.<br>Si no, tambi\u00e9n est\u00e1 bien.<br>Y cada camino encuentra, a su tiempo, a quien est\u00e1 listo para recorrerlo.<\/strong><\/p>\n\n\n<div class=\"wp-block-image\">\n<figure class=\"aligncenter size-large\"><a href=\"https:\/\/www.institutobach.com.ar\/escritos\/una-posibilidad.pdf\" target=\"_blank\" rel=\"noreferrer noopener\"><img decoding=\"async\" src=\"https:\/\/www.institutobach.com.ar\/images\/pdf.png\" alt=\"\"\/><\/a><\/figure><\/div>","protected":false},"excerpt":{"rendered":"<p>Autonom\u00eda y el enfoque original de Bach, centrado en la pr\u00e1ctica diaria En el enfoque original del Dr. Edward Bach su propuesta no invita a depender de interpretaciones externas ni de figuras que \u201cleen\u201d por la persona, sino a desarrollar discernimiento propio y a ejercer, en la vida diaria, los valores del Alma. En este [&hellip;]<\/p>\n","protected":false},"author":2,"featured_media":0,"comment_status":"closed","ping_status":"open","sticky":false,"template":"","format":"standard","meta":{"footnotes":""},"categories":[22,36,19,55,199,16,198],"tags":[],"_links":{"self":[{"href":"http:\/\/www.institutobach.com.ar\/cursos\/wp-json\/wp\/v2\/posts\/1845"}],"collection":[{"href":"http:\/\/www.institutobach.com.ar\/cursos\/wp-json\/wp\/v2\/posts"}],"about":[{"href":"http:\/\/www.institutobach.com.ar\/cursos\/wp-json\/wp\/v2\/types\/post"}],"author":[{"embeddable":true,"href":"http:\/\/www.institutobach.com.ar\/cursos\/wp-json\/wp\/v2\/users\/2"}],"replies":[{"embeddable":true,"href":"http:\/\/www.institutobach.com.ar\/cursos\/wp-json\/wp\/v2\/comments?post=1845"}],"version-history":[{"count":3,"href":"http:\/\/www.institutobach.com.ar\/cursos\/wp-json\/wp\/v2\/posts\/1845\/revisions"}],"predecessor-version":[{"id":1848,"href":"http:\/\/www.institutobach.com.ar\/cursos\/wp-json\/wp\/v2\/posts\/1845\/revisions\/1848"}],"wp:attachment":[{"href":"http:\/\/www.institutobach.com.ar\/cursos\/wp-json\/wp\/v2\/media?parent=1845"}],"wp:term":[{"taxonomy":"category","embeddable":true,"href":"http:\/\/www.institutobach.com.ar\/cursos\/wp-json\/wp\/v2\/categories?post=1845"},{"taxonomy":"post_tag","embeddable":true,"href":"http:\/\/www.institutobach.com.ar\/cursos\/wp-json\/wp\/v2\/tags?post=1845"}],"curies":[{"name":"wp","href":"https:\/\/api.w.org\/{rel}","templated":true}]}}