{"id":1838,"date":"2026-02-01T00:07:10","date_gmt":"2026-02-01T03:07:10","guid":{"rendered":"https:\/\/www.institutobach.com.ar\/cursos\/?p=1838"},"modified":"2026-02-01T00:16:49","modified_gmt":"2026-02-01T03:16:49","slug":"curate-a-ti-mismo-lo-que-realmente-dice-bach","status":"publish","type":"post","link":"http:\/\/www.institutobach.com.ar\/cursos\/el-terapeuta\/curate-a-ti-mismo-lo-que-realmente-dice-bach\/","title":{"rendered":"C\u00daRATE A TI MISMO: lo que realmente dice Bach"},"content":{"rendered":"\n<p>Contrario a lo que ciertos autores influyentes desde los a\u00f1os 90 afirman, el fragmento de <em>C\u00farate a ti mismo<\/em> que relaciona:<br><strong>defecto interno \u2192 tipo de enfermedad \u2192 \u00f3rgano<\/strong><br><strong>no propone lecturas simb\u00f3licas ni arquet\u00edpicas.<\/strong><br>Presentarlo como \u2018Bach Jungiano\u2019 o \u2018Bach vibracional\u2019 no refleja la intenci\u00f3n original de Bach, sino una representaci\u00f3n basada en ideas que el Doctor Edward Bach nunca expres\u00f3. <strong>Es Bach quien define el marco original<\/strong>.<\/p>\n\n\n\n<p>En realidad, esa clasificaci\u00f3n fue un experimento temprano que Bach abandon\u00f3, seg\u00fan se\u00f1ala el pr\u00f3logo del Bach Centre de Inglaterra. Su objetivo nunca fue crear s\u00edmbolos, sino entender c\u00f3mo los desequilibrios internos pod\u00edan generar distintos tipos de enfermedad, siempre con la finalidad de <strong>restaurar la vitalidad del paciente<\/strong>.<\/p>\n\n\n\n<p>Bach fue m\u00e9dico home\u00f3pata, y su enfoque se centraba en la <strong>fuerza vital interna<\/strong>, no en el simbolismo de los \u00f3rganos ni en arquetipos de la psique. Esta mirada<strong> vitalista-espiritual<\/strong> sigue siendo actual y se encuentra en pr\u00e1cticas que muchos terapeutas hol\u00edsticos valoran y respetan, como:<\/p>\n\n\n\n<ul>\n<li>Homeopat\u00eda cl\u00e1sica<\/li>\n\n\n\n<li>Terapia Floral de Bach<\/li>\n\n\n\n<li>Medicina antropos\u00f3fica<\/li>\n\n\n\n<li>Medicina tradicional china, ayurv\u00e9dica o hipocr\u00e1tica<\/li>\n\n\n\n<li>Pr\u00e1cticas cl\u00ednicas centradas en causalidad interna<\/li>\n\n\n\n<li>Yoga <\/li>\n\n\n\n<li>Reiki<\/li>\n<\/ul>\n\n\n\n<p>Algunos distribuidores de esencias y autores reinterpretan a Bach desde perspectivas jungianas, arquet\u00edpicas o vibracionales. Estos enfoques pueden ser valiosos dentro de sus propios marcos de trabajo, pero claramente <strong>no corresponden al enfoque de Bach original<\/strong>.<\/p>\n\n\n\n<p>Desde el Instituto ense\u00f1amos a Bach desde Bach, con su marco vitalista-espiritual, <strong>sin reinterpretaciones posteriores que se apartan de los conceptos originales que Bach quiso transmitir.<\/strong><\/p>\n\n\n\n<p class=\"has-text-align-center\">Link para lectura o descarga original<br>C\u00farate a t\u00ed mismo<\/p>\n\n\n<div class=\"wp-block-image\">\n<figure class=\"aligncenter size-large\"><a href=\"https:\/\/www.centrobach.com.ar\/filosofia-pdf\/02-curate-a-ti-mismo.pdf\" target=\"_blank\" rel=\"noreferrer noopener\"><img decoding=\"async\" src=\"https:\/\/www.institutobach.com.ar\/images\/pdf.png\" alt=\"\"\/><\/a><\/figure><\/div>","protected":false},"excerpt":{"rendered":"<p>Contrario a lo que ciertos autores influyentes desde los a\u00f1os 90 afirman, el fragmento de C\u00farate a ti mismo que relaciona:defecto interno \u2192 tipo de enfermedad \u2192 \u00f3rganono propone lecturas simb\u00f3licas ni arquet\u00edpicas.Presentarlo como \u2018Bach Jungiano\u2019 o \u2018Bach vibracional\u2019 no refleja la intenci\u00f3n original de Bach, sino una representaci\u00f3n basada en ideas que el Doctor [&hellip;]<\/p>\n","protected":false},"author":2,"featured_media":0,"comment_status":"closed","ping_status":"open","sticky":false,"template":"","format":"standard","meta":{"footnotes":""},"categories":[22,36,199,198],"tags":[],"_links":{"self":[{"href":"http:\/\/www.institutobach.com.ar\/cursos\/wp-json\/wp\/v2\/posts\/1838"}],"collection":[{"href":"http:\/\/www.institutobach.com.ar\/cursos\/wp-json\/wp\/v2\/posts"}],"about":[{"href":"http:\/\/www.institutobach.com.ar\/cursos\/wp-json\/wp\/v2\/types\/post"}],"author":[{"embeddable":true,"href":"http:\/\/www.institutobach.com.ar\/cursos\/wp-json\/wp\/v2\/users\/2"}],"replies":[{"embeddable":true,"href":"http:\/\/www.institutobach.com.ar\/cursos\/wp-json\/wp\/v2\/comments?post=1838"}],"version-history":[{"count":5,"href":"http:\/\/www.institutobach.com.ar\/cursos\/wp-json\/wp\/v2\/posts\/1838\/revisions"}],"predecessor-version":[{"id":1843,"href":"http:\/\/www.institutobach.com.ar\/cursos\/wp-json\/wp\/v2\/posts\/1838\/revisions\/1843"}],"wp:attachment":[{"href":"http:\/\/www.institutobach.com.ar\/cursos\/wp-json\/wp\/v2\/media?parent=1838"}],"wp:term":[{"taxonomy":"category","embeddable":true,"href":"http:\/\/www.institutobach.com.ar\/cursos\/wp-json\/wp\/v2\/categories?post=1838"},{"taxonomy":"post_tag","embeddable":true,"href":"http:\/\/www.institutobach.com.ar\/cursos\/wp-json\/wp\/v2\/tags?post=1838"}],"curies":[{"name":"wp","href":"https:\/\/api.w.org\/{rel}","templated":true}]}}