{"id":1802,"date":"2026-01-20T22:28:11","date_gmt":"2026-01-21T01:28:11","guid":{"rendered":"https:\/\/www.institutobach.com.ar\/cursos\/?p=1802"},"modified":"2026-01-20T22:57:40","modified_gmt":"2026-01-21T01:57:40","slug":"desde-bach-la-simplicidad-no-es-superficialidad","status":"publish","type":"post","link":"http:\/\/www.institutobach.com.ar\/cursos\/flores-de-bach\/desde-bach-la-simplicidad-no-es-superficialidad\/","title":{"rendered":"Desde Bach: La simplicidad no es superficialidad"},"content":{"rendered":"\n<p class=\"has-medium-font-size\">Este a\u00f1o seguimos acompa\u00f1ando:<br>a terapeutas florales y a todas las personas que eligen las Flores de Bach como un camino de armonizaci\u00f3n, claridad y simplicidad consciente.<\/p>\n\n\n\n<p class=\"has-medium-font-size\">Lo hacemos con una decisi\u00f3n profunda y clara:<br>\ud83d\udc49 hablar desde Bach. \u2611<\/p>\n\n\n<div class=\"wp-block-image\">\n<figure class=\"aligncenter size-large is-resized\"><img decoding=\"async\" src=\"https:\/\/www.institutobach.com.ar\/images\/lectura-publica-bach-1936.jpg\" alt=\"\" style=\"width:616px;height:auto\"\/><\/figure><\/div>\n\n\n<p class=\"has-medium-font-size\"><br>\u00bfA qu\u00e9 nos referimos cuando decimos desde Bach?<\/p>\n\n\n\n<p class=\"has-medium-font-size\">\ud83d\udd6e <strong>Respeto por la obra original y final de Edward Bach<\/strong><br>Elegimos trabajar desde la mirada pura de la obra de Bach, como fue perfeccionada por el propio Bach en 1936 y transmitida hasta nuestros d\u00edas.<br>Cuando citemos textos de a\u00f1os anteriores a la obra finalizada, se va a aclarar siempre su fecha, para comprenderlos como etapas de un pensamiento en evoluci\u00f3n, y no como parte de la obra culminada y perenne que Bach dej\u00f3 escrita.<br>Preferimos estudiar y ense\u00f1ar lo que Bach s\u00ed dej\u00f3 escrito, antes que suponer c\u00f3mo habr\u00eda pensado en otros contextos hist\u00f3ricos.<\/p>\n\n\n\n<p class=\"has-medium-font-size\">\ud83d\udd6e <strong>Sin pedagog\u00eda del sufrimiento<\/strong><br>Bach no vino a ense\u00f1arnos a sufrir mejor.<br>Su mirada de la enfermedad no es la del dolor como necesidad ni como maestro, sino la de un aviso, una se\u00f1al de desarmon\u00eda, nunca un requisito.<\/p>\n\n\n\n<p class=\"has-medium-font-size\">\ud83d\udd6e <strong>V\u00ednculo terap\u00e9utico desde una posici\u00f3n OK\/OK<\/strong><br>Moderamos la centralidad del v\u00ednculo desde una perspectiva de igualdad, coherente con el An\u00e1lisis Transaccional y con la \u00e9tica profunda de Bach: nadie est\u00e1 por encima de otro, nadie \u201cconduce\u201d el alma ajena.<\/p>\n\n\n\n<p class=\"has-medium-font-size\">\ud83d\udd6e <strong>Armonizaci\u00f3n antes que proceso<\/strong><br>Reconocemos que, en su obra final, Bach prioriza la armonizaci\u00f3n de la energ\u00eda vital, no el an\u00e1lisis del proceso ni la exploraci\u00f3n del sufrimiento.<\/p>\n\n\n\n<p class=\"has-medium-font-size\">\ud83d\udd6e <strong>Simplicidad consciente<\/strong><br>La simplicidad no es superficialidad, sino una elecci\u00f3n \u00e9tica y terap\u00e9utica al servicio de la vida, coherente con la obra finalizada de Bach.<\/p>\n\n\n\n<p class=\"has-medium-font-size\">\ud83d\udd6e <strong>Cuidar el sentido de la obra<\/strong><br>Por eso, reconocemos que cuanto m\u00e1s se insiste en explicar lo que Bach \u201cno dijo\u201d, parad\u00f3jicamente, m\u00e1s se corre el riesgo de alejarse de lo que Bach s\u00ed dijo.<\/p>\n\n\n\n<p class=\"has-medium-font-size\">Seguimos caminando este a\u00f1o con compromiso, estudio y respeto por una obra que no necesita ser corregida ni ampliada, sino escuchada y transmitida con honestidad.<\/p>\n\n\n\n<p class=\"has-medium-font-size\">\ud83d\udd6f Desde Bach. Con Bach. \ud83d\udd6f<\/p>\n","protected":false},"excerpt":{"rendered":"<p>Este a\u00f1o seguimos acompa\u00f1ando:a terapeutas florales y a todas las personas que eligen las Flores de Bach como un camino de armonizaci\u00f3n, claridad y simplicidad consciente. Lo hacemos con una decisi\u00f3n profunda y clara:\ud83d\udc49 hablar desde Bach. \u2611 \u00bfA qu\u00e9 nos referimos cuando decimos desde Bach? \ud83d\udd6e Respeto por la obra original y final de [&hellip;]<\/p>\n","protected":false},"author":2,"featured_media":0,"comment_status":"closed","ping_status":"open","sticky":false,"template":"","format":"standard","meta":{"footnotes":""},"categories":[17,199],"tags":[],"_links":{"self":[{"href":"http:\/\/www.institutobach.com.ar\/cursos\/wp-json\/wp\/v2\/posts\/1802"}],"collection":[{"href":"http:\/\/www.institutobach.com.ar\/cursos\/wp-json\/wp\/v2\/posts"}],"about":[{"href":"http:\/\/www.institutobach.com.ar\/cursos\/wp-json\/wp\/v2\/types\/post"}],"author":[{"embeddable":true,"href":"http:\/\/www.institutobach.com.ar\/cursos\/wp-json\/wp\/v2\/users\/2"}],"replies":[{"embeddable":true,"href":"http:\/\/www.institutobach.com.ar\/cursos\/wp-json\/wp\/v2\/comments?post=1802"}],"version-history":[{"count":6,"href":"http:\/\/www.institutobach.com.ar\/cursos\/wp-json\/wp\/v2\/posts\/1802\/revisions"}],"predecessor-version":[{"id":1808,"href":"http:\/\/www.institutobach.com.ar\/cursos\/wp-json\/wp\/v2\/posts\/1802\/revisions\/1808"}],"wp:attachment":[{"href":"http:\/\/www.institutobach.com.ar\/cursos\/wp-json\/wp\/v2\/media?parent=1802"}],"wp:term":[{"taxonomy":"category","embeddable":true,"href":"http:\/\/www.institutobach.com.ar\/cursos\/wp-json\/wp\/v2\/categories?post=1802"},{"taxonomy":"post_tag","embeddable":true,"href":"http:\/\/www.institutobach.com.ar\/cursos\/wp-json\/wp\/v2\/tags?post=1802"}],"curies":[{"name":"wp","href":"https:\/\/api.w.org\/{rel}","templated":true}]}}