{"id":1798,"date":"2026-01-15T17:59:36","date_gmt":"2026-01-15T20:59:36","guid":{"rendered":"https:\/\/www.institutobach.com.ar\/cursos\/?p=1798"},"modified":"2026-01-15T18:52:19","modified_gmt":"2026-01-15T21:52:19","slug":"experiencia-no-es-marco-teorico","status":"publish","type":"post","link":"http:\/\/www.institutobach.com.ar\/cursos\/el-terapeuta\/experiencia-no-es-marco-teorico\/","title":{"rendered":"Experiencia no es marco te\u00f3rico"},"content":{"rendered":"\n<p class=\"has-medium-font-size\">En la formaci\u00f3n en Flores de Bach es clave no confundir experiencia cl\u00ednica con fundamento del sistema.<br>La experiencia es valiosa cuando se apoya en un marco claro; no cuando lo reemplaza.<\/p>\n\n\n\n<p class=\"has-medium-font-size\">El Dr. Edward Bach fu\u00e9 qui\u00e9n estipul\u00f3 los principios a seguir para el uso cl\u00ednico de las esencias florales, dejando indicaciones precisas y una obra final coherente publicada en 1936. Ese es el marco del Sistema Bach. Cuando la prescripci\u00f3n se basa principalmente en la \u201cvisi\u00f3n personal\u201d del terapeuta, ya no estamos frente al sistema original, sino ante una reinterpretaci\u00f3n.<\/p>\n\n\n\n<p class=\"has-medium-font-size\">Reinterpretar no es profundizar.<br><br><strong>Profundizar en Bach implica estudiar y aplicar su formulaci\u00f3n final, no completarla ni corregirla.<\/strong><\/p>\n\n\n\n<p class=\"has-medium-font-size\">Para quienes se est\u00e1n formando: es leg\u00edtimo explorar otros enfoques, pero es fundamental saber <strong>cu\u00e1ndo estamos trabajando con Bach y cu\u00e1ndo con otra cosa<\/strong>.<\/p>\n\n\n\n<p class=\"has-text-align-center has-small-font-size\">PDF con el escrito para descargar o imprimir<\/p>\n\n\n<div class=\"wp-block-image\">\n<figure class=\"aligncenter size-large\"><a href=\"https:\/\/www.institutobach.com.ar\/escritos\/experiencia-no-es-marco-teorico.pdf\" target=\"_blank\" rel=\"noreferrer noopener\"><img decoding=\"async\" src=\"https:\/\/www.institutobach.com.ar\/images\/pdf.png\" alt=\"\"\/><\/a><\/figure><\/div>","protected":false},"excerpt":{"rendered":"<p>En la formaci\u00f3n en Flores de Bach es clave no confundir experiencia cl\u00ednica con fundamento del sistema.La experiencia es valiosa cuando se apoya en un marco claro; no cuando lo reemplaza. El Dr. Edward Bach fu\u00e9 qui\u00e9n estipul\u00f3 los principios a seguir para el uso cl\u00ednico de las esencias florales, dejando indicaciones precisas y una [&hellip;]<\/p>\n","protected":false},"author":2,"featured_media":0,"comment_status":"closed","ping_status":"open","sticky":false,"template":"","format":"standard","meta":{"footnotes":""},"categories":[22,197,199,198],"tags":[],"_links":{"self":[{"href":"http:\/\/www.institutobach.com.ar\/cursos\/wp-json\/wp\/v2\/posts\/1798"}],"collection":[{"href":"http:\/\/www.institutobach.com.ar\/cursos\/wp-json\/wp\/v2\/posts"}],"about":[{"href":"http:\/\/www.institutobach.com.ar\/cursos\/wp-json\/wp\/v2\/types\/post"}],"author":[{"embeddable":true,"href":"http:\/\/www.institutobach.com.ar\/cursos\/wp-json\/wp\/v2\/users\/2"}],"replies":[{"embeddable":true,"href":"http:\/\/www.institutobach.com.ar\/cursos\/wp-json\/wp\/v2\/comments?post=1798"}],"version-history":[{"count":3,"href":"http:\/\/www.institutobach.com.ar\/cursos\/wp-json\/wp\/v2\/posts\/1798\/revisions"}],"predecessor-version":[{"id":1801,"href":"http:\/\/www.institutobach.com.ar\/cursos\/wp-json\/wp\/v2\/posts\/1798\/revisions\/1801"}],"wp:attachment":[{"href":"http:\/\/www.institutobach.com.ar\/cursos\/wp-json\/wp\/v2\/media?parent=1798"}],"wp:term":[{"taxonomy":"category","embeddable":true,"href":"http:\/\/www.institutobach.com.ar\/cursos\/wp-json\/wp\/v2\/categories?post=1798"},{"taxonomy":"post_tag","embeddable":true,"href":"http:\/\/www.institutobach.com.ar\/cursos\/wp-json\/wp\/v2\/tags?post=1798"}],"curies":[{"name":"wp","href":"https:\/\/api.w.org\/{rel}","templated":true}]}}