{"id":1688,"date":"2026-01-12T01:36:11","date_gmt":"2026-01-12T04:36:11","guid":{"rendered":"https:\/\/www.institutobach.com.ar\/cursos\/?p=1688"},"modified":"2026-02-27T21:33:07","modified_gmt":"2026-02-28T00:33:07","slug":"flores-de-bach-cuando-dejamos-de-interpretar-emocionesy-volvemos-a-observar-tipologias","status":"publish","type":"post","link":"http:\/\/www.institutobach.com.ar\/cursos\/filosofia\/flores-de-bach-cuando-dejamos-de-interpretar-emocionesy-volvemos-a-observar-tipologias\/","title":{"rendered":"Flores de Bach: cuando dejamos de \u201cinterpretar emociones\u201dy volvemos a observar tipolog\u00edas"},"content":{"rendered":"\n<p>En la pr\u00e1ctica actual es cada vez m\u00e1s frecuente ver c\u00f3mo las Flores de Bach se asocian con energ\u00edas, vibraciones, arquetipos mitol\u00f3gicos y miradas psicol\u00f3gicas, y se reinterpretan desde <strong>otros marcos conceptuales<\/strong> que no pertenecen al sistema original de Edward Bach.<\/p>\n\n\n\n<p>Estas reinterpretaciones constituyen <strong>otra mirada<\/strong>, y como toda mirada, pueden ser valiosas.<br>Para terapeutas, consultantes y usuarios, resulta positivo que las formaciones <strong>aclaren desde qu\u00e9 marco te\u00f3rico y desde qu\u00e9 autor se realiza esa reinterpretaci\u00f3n<\/strong>, ya que esto favorece un ejercicio m\u00e1s consciente y una mejor selecci\u00f3n de las esencias.<\/p>\n\n\n\n<p>Cuando ese marco no se explicita, el resultado muchas veces es confusi\u00f3n cl\u00ednica.<br>Vamos a ver un ejemplo cl\u00e1sico: <strong>Larch, Crab Apple y Cerato<\/strong>.<\/p>\n\n\n\n<hr class=\"wp-block-separator has-alpha-channel-opacity\"\/>\n\n\n\n<p>Cuando reducimos el sistema de Bach a emociones e intentamos interpretarlas, estas flores pueden parecer similares.<br>Pero si observamos las <strong>tipolog\u00edas mentales din\u00e1micas descritas por Bach<\/strong>, la diferencia es clara y no hay lugar a confusi\u00f3n. (comprobarlo leyendo los 12 curadores y otros remedios versi\u00f3n finalizada de 1936)<\/p>\n\n\n\n<p>Y ac\u00e1 est\u00e1 el punto central:<br><strong>Bach no describi\u00f3 emociones aisladas, sino tipos humanos.<\/strong><br><em>(record\u00e1 que Bach observ\u00f3 tipos humanos a partir de la experiencia cl\u00ednica)<\/em><br>Podemos afirmar que las descripciones de Edward Bach constituyen una especie de <strong>tipolog\u00edas caracterol\u00f3gicas din\u00e1micas centradas en la mente<\/strong>, tanto por la forma en que est\u00e1n formuladas como por la influencia homeop\u00e1tica desde donde parti\u00f3 para su desarrollo.<\/p>\n\n\n\n<hr class=\"wp-block-separator has-alpha-channel-opacity\"\/>\n\n\n\n<h3 class=\"wp-block-heading\">Tres flores, tres tipolog\u00edas observables bien diferenciadas<\/h3>\n\n\n\n<p><em>(no s\u00f3lo emociones)<\/em><\/p>\n\n\n\n<p><strong>LARCH<\/strong><\/p>\n\n\n\n<blockquote class=\"wp-block-quote\">\n<p>\u201cPara los que no se consideran a s\u00ed mismos tan buenos o capaces como los que les rodean\u2026\u201d<\/p>\n<\/blockquote>\n\n\n\n<p>Larch no es \u201cbaja autoestima\u201d interpretada como emoci\u00f3n.<br>Es una <strong>convicci\u00f3n mental previa<\/strong>: <em>\u201cyo no puedo\u201d<\/em>.<br>La persona espera el fracaso antes de actuar y por eso no se esfuerza.<\/p>\n\n\n\n<p>No es miedo, no es tristeza:<br>es una <strong>autoimagen limitante asumida como verdad<\/strong>.<\/p>\n\n\n<div class=\"wp-block-image\">\n<figure class=\"aligncenter size-large is-resized\"><a href=\"https:\/\/www.institutobach.com.ar\/escritos\/tipologias-marcos.pdf\" target=\"_blank\" rel=\"noreferrer noopener\"><img decoding=\"async\" src=\"https:\/\/www.institutobach.com.ar\/images\/escritos-tipologia-claridad.jpg\" alt=\"\" style=\"width:472px;height:auto\"\/><\/a><\/figure><\/div>\n\n\n<hr class=\"wp-block-separator has-alpha-channel-opacity\"\/>\n\n\n\n<p><strong>CRAB APPLE<\/strong><\/p>\n\n\n\n<blockquote class=\"wp-block-quote\">\n<p>\u201cPara los que sienten como si tuviesen algo que no est\u00e1 lo bastante limpio en ellos\u2026\u201d<\/p>\n<\/blockquote>\n\n\n\n<p>Ac\u00e1 no hablamos de una emoci\u00f3n de asco o verg\u00fcenza.<br>Crab Apple se relaciona con un <strong>pensamiento fijo<\/strong>:<br><em>\u201chay algo en m\u00ed que est\u00e1 mal, sucio, defectuoso\u201d<\/em>.<\/p>\n\n\n\n<p>Ac\u00e1 Bach no enfatiza en lo que la persona siente,<br>sino lo que <strong>cree ser<\/strong>.<\/p>\n\n\n\n<p>Cuando esta tipolog\u00eda se aborda desde marcos psicol\u00f3gicos o arquet\u00edpicos (por ejemplo, desde los arquetipos de Jung), puede resignificarse de otro modo.<br>Pero dentro del sistema bachiano original, mientras Larch duda de su capacidad,<br><strong>Crab Apple duda de su pureza o integridad<\/strong>.<\/p>\n\n\n\n<hr class=\"wp-block-separator has-alpha-channel-opacity\"\/>\n\n\n\n<p><strong>CERATO<\/strong><\/p>\n\n\n\n<blockquote class=\"wp-block-quote\">\n<p>\u201cLos que no tienen suficiente confianza en s\u00ed mismos como para tomar sus propias decisiones\u2026\u201d<\/p>\n<\/blockquote>\n\n\n\n<p>Cerato no es inseguridad emocional.<br>Es una <strong>desconexi\u00f3n del propio criterio<\/strong>.<\/p>\n\n\n\n<p>La persona s\u00ed decide,<br>pero inmediatamente duda y busca validaci\u00f3n externa.<\/p>\n\n\n\n<p>Aqu\u00ed no hay incapacidad (Larch)<br>ni auto-rechazo (Crab Apple),<br>sino <strong>dependencia mental del afuera<\/strong>.<\/p>\n\n\n\n<hr class=\"wp-block-separator has-alpha-channel-opacity\"\/>\n\n\n\n<h3 class=\"wp-block-heading\">Tipolog\u00edas bachianas y marcos te\u00f3ricos claros<\/h3>\n\n\n\n<p>Edward Bach fue claro en su obra finalizada de 1936<br>(<em>Los Doce Curadores y otros Remedios<\/em>):<br>sus descripciones son <strong>tipol\u00f3gicas, simb\u00f3licas, vivas y din\u00e1micas<\/strong>.<\/p>\n\n\n\n<p>Cuando las Flores de Bach se reinterpretan desde otros enfoques \u2014psicol\u00f3gicos, arquet\u00edpicos o bajo una mirada general energ\u00e9tico vibracional\u2014, estas lecturas pueden ser \u00fatiles <strong>siempre que se explicite el marco te\u00f3rico de fondo y el autor que las sustenta<\/strong><br>(por ejemplo: arquetipos \u2192 Jung).<\/p>\n\n\n\n<p>Cuando ese encuadre no se aclara y se mezclan marcos,<br><strong>pueden aparecer elecciones menos precisas o combinaciones poco claras<\/strong>.<\/p>\n\n\n\n<p>Tener tambi\u00e9n en cuenta que: Una persona puede expresar varias tipolog\u00edas a la vez que definan su individualidad.<\/p>\n\n\n\n<hr class=\"wp-block-separator has-alpha-channel-opacity\"\/>\n\n\n\n<h3 class=\"wp-block-heading\">Nuestra mirada<\/h3>\n\n\n\n<p>En el Instituto Argentino de Flores de Bach \u00ae  nos dedicamos a transmitir ka ense\u00f1anza <strong>exclusivamente de Flores de Bach<\/strong>, desde una lectura fiel, profunda y coherente con la obra original de Edward Bach.<\/p>\n\n\n\n<p>Elegimos conscientemente este marco,<br>no por descartar otros enfoques,<br>sino por honrar la claridad, la precisi\u00f3n y la coherencia del sistema bachiano.<\/p>\n\n\n\n<p>Porque cuanto m\u00e1s claro es el marco desde el que trabajamos,<br>m\u00e1s consciente es la elecci\u00f3n,<br>y m\u00e1s eficaz la aplicaci\u00f3n.<\/p>\n\n\n\n<p><strong>Las Flores de Bach no necesitan reinterpretarse.<br>Necesitan volver a ser observadas.<\/strong><\/p>\n\n\n<div class=\"wp-block-image\">\n<figure class=\"aligncenter size-large\"><a href=\"https:\/\/www.institutobach.com.ar\/escritos\/tipologias-marcos.pdf\" target=\"_blank\" rel=\"noreferrer noopener\"><img decoding=\"async\" src=\"https:\/\/www.institutobach.com.ar\/images\/pdf.png\" alt=\"\"\/><\/a><\/figure><\/div>","protected":false},"excerpt":{"rendered":"<p>En la pr\u00e1ctica actual es cada vez m\u00e1s frecuente ver c\u00f3mo las Flores de Bach se asocian con energ\u00edas, vibraciones, arquetipos mitol\u00f3gicos y miradas psicol\u00f3gicas, y se reinterpretan desde otros marcos conceptuales que no pertenecen al sistema original de Edward Bach. Estas reinterpretaciones constituyen otra mirada, y como toda mirada, pueden ser valiosas.Para terapeutas, consultantes [&hellip;]<\/p>\n","protected":false},"author":2,"featured_media":0,"comment_status":"closed","ping_status":"open","sticky":false,"template":"","format":"standard","meta":{"footnotes":""},"categories":[36,197,199,198],"tags":[],"_links":{"self":[{"href":"http:\/\/www.institutobach.com.ar\/cursos\/wp-json\/wp\/v2\/posts\/1688"}],"collection":[{"href":"http:\/\/www.institutobach.com.ar\/cursos\/wp-json\/wp\/v2\/posts"}],"about":[{"href":"http:\/\/www.institutobach.com.ar\/cursos\/wp-json\/wp\/v2\/types\/post"}],"author":[{"embeddable":true,"href":"http:\/\/www.institutobach.com.ar\/cursos\/wp-json\/wp\/v2\/users\/2"}],"replies":[{"embeddable":true,"href":"http:\/\/www.institutobach.com.ar\/cursos\/wp-json\/wp\/v2\/comments?post=1688"}],"version-history":[{"count":15,"href":"http:\/\/www.institutobach.com.ar\/cursos\/wp-json\/wp\/v2\/posts\/1688\/revisions"}],"predecessor-version":[{"id":1916,"href":"http:\/\/www.institutobach.com.ar\/cursos\/wp-json\/wp\/v2\/posts\/1688\/revisions\/1916"}],"wp:attachment":[{"href":"http:\/\/www.institutobach.com.ar\/cursos\/wp-json\/wp\/v2\/media?parent=1688"}],"wp:term":[{"taxonomy":"category","embeddable":true,"href":"http:\/\/www.institutobach.com.ar\/cursos\/wp-json\/wp\/v2\/categories?post=1688"},{"taxonomy":"post_tag","embeddable":true,"href":"http:\/\/www.institutobach.com.ar\/cursos\/wp-json\/wp\/v2\/tags?post=1688"}],"curies":[{"name":"wp","href":"https:\/\/api.w.org\/{rel}","templated":true}]}}