{"id":1684,"date":"2025-12-28T17:03:07","date_gmt":"2025-12-28T20:03:07","guid":{"rendered":"https:\/\/www.institutobach.com.ar\/cursos\/?p=1684"},"modified":"2025-12-28T17:05:57","modified_gmt":"2025-12-28T20:05:57","slug":"flores-de-bach-y-vibraciones","status":"publish","type":"post","link":"http:\/\/www.institutobach.com.ar\/cursos\/sin-categoria\/flores-de-bach-y-vibraciones\/","title":{"rendered":"Flores de Bach y Vibraciones"},"content":{"rendered":"\n<p>Claridad conceptual frente al reduccionismo vibracional<\/p>\n\n\n\n<p>En el campo de las terapias florales contempor\u00e1neas se ha vuelto habitual encontrar discursos que colocan <strong>todos los sistemas, esencias y pr\u00e1cticas<\/strong> dentro de una misma categor\u00eda gen\u00e9rica denominada \u201cvibracional\u201d. Desde una perspectiva de marketing, esta simplificaci\u00f3n puede resultar atractiva; desde una perspectiva formativa y cl\u00ednica, <strong>empobrece el contenido, confunde los fundamentos y diluye la especificidad del Sistema Bach<\/strong>.<\/p>\n\n\n\n<p>Edward Bach fue m\u00e9dico, bacteri\u00f3logo y <strong>home\u00f3pata formado<\/strong>, profundamente influenciado por el vitalismo y por la tradici\u00f3n del <em>Organon<\/em>. Su pensamiento no fue est\u00e1tico: <strong>evolucion\u00f3<\/strong>, madur\u00f3 y se depur\u00f3 a lo largo de los a\u00f1os, y comprender esa evoluci\u00f3n es clave para estudiar y practicar Flores de Bach con rigor.<\/p>\n\n\n\n<h3 class=\"wp-block-heading\">El uso temprano del t\u00e9rmino \u201cvibraciones\u201d: contexto y funci\u00f3n<\/h3>\n\n\n\n<p>En 1931, Bach utiliz\u00f3 el t\u00e9rmino \u201cvibraciones\u201d en una conferencia dirigida a home\u00f3patas, en un <strong>lenguaje po\u00e9tico, metaf\u00f3rico y pedag\u00f3gico<\/strong>, propio de la \u00e9poca y del auditorio al que se dirig\u00eda. En ese momento, a\u00fan se encontraba elaborando su marco conceptual definitivo y <strong>no estaba hablando espec\u00edficamente del sistema floral tal como lo conocemos hoy<\/strong>, sino reflexionando sobre la curaci\u00f3n desde una mirada vitalista amplia.<\/p>\n\n\n\n<p>Ese lenguaje coincid\u00eda con corrientes filos\u00f3ficas y espirituales del per\u00edodo \u2014como la Teosof\u00eda\u2014 que utilizaban el t\u00e9rmino \u201cvibraci\u00f3n\u201d como <strong>imagen explicativa<\/strong>, no como modelo cl\u00ednico ni como teor\u00eda cerrada de acci\u00f3n terap\u00e9utica.<\/p>\n\n\n\n<p>Reducir la obra de Bach a ese vocabulario temprano, descontextualizado y absolutizado, <strong>es ignorar su desarrollo posterior<\/strong>.<\/p>\n\n\n\n<h3 class=\"wp-block-heading\">La evoluci\u00f3n del pensamiento de Bach: de la met\u00e1fora a la tipolog\u00eda<\/h3>\n\n\n\n<p>En su obra finalizada (1936), Bach abandona progresivamente ese lenguaje gen\u00e9rico y centra su sistema en un eje mucho m\u00e1s preciso y profundo:<\/p>\n\n\n\n<ul>\n<li><strong>La existencia de Tipolog\u00edas Mentales Din\u00e1micas<\/strong><\/li>\n\n\n\n<li><strong>La relaci\u00f3n entre estados mentales persistentes y enfermedad<\/strong><\/li>\n\n\n\n<li><strong>El desarrollo de virtudes como principio de curaci\u00f3n<\/strong><\/li>\n\n\n\n<li><strong>La acci\u00f3n profunda del remedio sobre la Energ\u00eda Vital<\/strong>, no como frecuencia abstracta, sino como reorganizaci\u00f3n del individuo en coherencia con su prop\u00f3sito interno<\/li>\n<\/ul>\n\n\n\n<p>Las flores no act\u00faan \u201cporque vibran\u201d, ni porque todo lo que vibra cura.<br>Act\u00faan porque <strong>corresponden a estados mentales espec\u00edficos<\/strong>, claramente definidos, observables y cl\u00ednicamente reproducibles.<\/p>\n\n\n\n<p>En Bach, la curaci\u00f3n no proviene de una vibraci\u00f3n externa que se impone al sistema, sino del <strong>despliegue de una virtud ya existente en el individuo<\/strong>, que estaba bloqueada o distorsionada.<\/p>\n\n\n\n<h3 class=\"wp-block-heading\">Vibraci\u00f3n no es un concepto sustituto<\/h3>\n\n\n\n<p>Desde esta perspectiva, es fundamental afirmar con claridad:<\/p>\n\n\n\n<ul>\n<li><strong>\u201cVibraci\u00f3n\u201d no reemplaza ni explica mejor el concepto de Energ\u00eda Vital<\/strong><\/li>\n\n\n\n<li><strong>\u201cVibraci\u00f3n\u201d no reemplaza ni explica mejor el concepto de Prana<\/strong><\/li>\n\n\n\n<li><strong>\u201cVibraci\u00f3n\u201d no reemplaza ni explica mejor el concepto de Chakras<\/strong><\/li>\n\n\n\n<li><strong>\u201cVibraci\u00f3n\u201d no reemplaza ni explica mejor el concepto de meridianos y puntos de acupuntura<\/strong><\/li>\n\n\n\n<li><strong>\u201cVibraci\u00f3n\u201d no reemplaza ni explica mejor la tipolog\u00eda mental en Bach<\/strong><\/li>\n<\/ul>\n\n\n\n<p>Cada uno de estos sistemas posee <strong>un marco te\u00f3rico propio, un lenguaje espec\u00edfico y una l\u00f3gica interna<\/strong>. Unificarlos bajo una sola palabra no los integra: los vac\u00eda de contenido.<\/p>\n\n\n\n<h3 class=\"wp-block-heading\">El Sistema Bach no es gen\u00e9rico, es espec\u00edfico<\/h3>\n\n\n\n<p>El gran valor del legado de Edward Bach es precisamente su <strong>precisi\u00f3n conceptual<\/strong>:<\/p>\n\n\n\n<ul>\n<li>38 remedios y sus infinitas combinaciones<\/li>\n\n\n\n<li>Estados mentales claramente diferenciados<\/li>\n\n\n\n<li>Observaci\u00f3n cl\u00ednica directa<\/li>\n\n\n\n<li>Correspondencia entre conflicto interno y expresi\u00f3n vital<\/li>\n\n\n\n<li>Acci\u00f3n profunda y no meramente emocional<\/li>\n<\/ul>\n\n\n\n<p>Transformar este sistema en una \u201cterapia vibracional m\u00e1s\u201d lo despoja de su identidad, su coherencia y su potencia cl\u00ednica.<\/p>\n\n\n\n<h3 class=\"wp-block-heading\">Nuestra posici\u00f3n formativa<\/h3>\n\n\n\n<p>Como instituto especializado en Flores de Bach, sostenemos que <strong>honrar a Bach es estudiar su obra completa<\/strong>, en su contexto hist\u00f3rico, en su evoluci\u00f3n y en su forma final. No desde fragmentos aislados, ni desde reinterpretaciones posteriores que responden m\u00e1s a tendencias de mercado que a fidelidad conceptual.<\/p>\n\n\n\n<p>Estudiar Bach no es estudiar \u201cvibraciones\u201d.<br>Es estudiar <strong>la mente humana, la Energ\u00eda Vital y el proceso de transformaci\u00f3n interior<\/strong> a trav\u00e9s de tipolog\u00edas din\u00e1micas y virtudes en desarrollo.<\/p>\n\n\n\n<p class=\"has-text-align-left\">Esa es la claridad que ofrecemos.<br>Y esa es la diferencia que defendemos.<\/p>\n\n\n\n<p class=\"has-text-align-center\"><br><br><a href=\"https:\/\/www.institutobach.com.ar\/escritos\/flores-de-bach-y-vibraciones.pdf\" target=\"_blank\" rel=\"noreferrer noopener\">Descargar o imprimir apunte:<\/a><\/p>\n\n\n<div class=\"wp-block-image\">\n<figure class=\"aligncenter size-large\"><a href=\"https:\/\/www.institutobach.com.ar\/escritos\/flores-de-bach-y-vibraciones.pdf\" target=\"_blank\" rel=\"noreferrer noopener\"><img decoding=\"async\" src=\"https:\/\/www.institutobach.com.ar\/images\/pdf.png\" alt=\"\"\/><\/a><\/figure><\/div>","protected":false},"excerpt":{"rendered":"<p>Claridad conceptual frente al reduccionismo vibracional En el campo de las terapias florales contempor\u00e1neas se ha vuelto habitual encontrar discursos que colocan todos los sistemas, esencias y pr\u00e1cticas dentro de una misma categor\u00eda gen\u00e9rica denominada \u201cvibracional\u201d. Desde una perspectiva de marketing, esta simplificaci\u00f3n puede resultar atractiva; desde una perspectiva formativa y cl\u00ednica, empobrece el contenido, [&hellip;]<\/p>\n","protected":false},"author":2,"featured_media":0,"comment_status":"closed","ping_status":"open","sticky":false,"template":"","format":"standard","meta":{"footnotes":""},"categories":[1],"tags":[196,195,185],"_links":{"self":[{"href":"http:\/\/www.institutobach.com.ar\/cursos\/wp-json\/wp\/v2\/posts\/1684"}],"collection":[{"href":"http:\/\/www.institutobach.com.ar\/cursos\/wp-json\/wp\/v2\/posts"}],"about":[{"href":"http:\/\/www.institutobach.com.ar\/cursos\/wp-json\/wp\/v2\/types\/post"}],"author":[{"embeddable":true,"href":"http:\/\/www.institutobach.com.ar\/cursos\/wp-json\/wp\/v2\/users\/2"}],"replies":[{"embeddable":true,"href":"http:\/\/www.institutobach.com.ar\/cursos\/wp-json\/wp\/v2\/comments?post=1684"}],"version-history":[{"count":3,"href":"http:\/\/www.institutobach.com.ar\/cursos\/wp-json\/wp\/v2\/posts\/1684\/revisions"}],"predecessor-version":[{"id":1687,"href":"http:\/\/www.institutobach.com.ar\/cursos\/wp-json\/wp\/v2\/posts\/1684\/revisions\/1687"}],"wp:attachment":[{"href":"http:\/\/www.institutobach.com.ar\/cursos\/wp-json\/wp\/v2\/media?parent=1684"}],"wp:term":[{"taxonomy":"category","embeddable":true,"href":"http:\/\/www.institutobach.com.ar\/cursos\/wp-json\/wp\/v2\/categories?post=1684"},{"taxonomy":"post_tag","embeddable":true,"href":"http:\/\/www.institutobach.com.ar\/cursos\/wp-json\/wp\/v2\/tags?post=1684"}],"curies":[{"name":"wp","href":"https:\/\/api.w.org\/{rel}","templated":true}]}}