{"id":1658,"date":"2025-11-11T22:44:19","date_gmt":"2025-11-12T01:44:19","guid":{"rendered":"https:\/\/www.institutobach.com.ar\/cursos\/?p=1658"},"modified":"2025-12-11T16:41:16","modified_gmt":"2025-12-11T19:41:16","slug":"la-terapia-floral-de-bach-una-terapia-centrada-en-la-persona","status":"publish","type":"post","link":"http:\/\/www.institutobach.com.ar\/cursos\/informacion\/la-terapia-floral-de-bach-una-terapia-centrada-en-la-persona\/","title":{"rendered":"La Terapia Floral de Bach: una terapia centrada en la persona"},"content":{"rendered":"\n<p><strong>O sea: <em>\u00a1Las Flores para vos!<\/em> <\/strong><\/p>\n\n\n\n<p>El Dr. <strong>Edward Bach<\/strong> dedic\u00f3 su obra <em>\u201ca todos aquellos que sufren, a los que padecen\u201d<\/em>, y dise\u00f1\u00f3 su sistema floral poniendo siempre el foco en <strong>la persona\u2026 no en la flor.<\/strong><\/p>\n\n\n\n<p>En sus descripciones del uso cl\u00ednico, Bach hablaba de cada flor diciendo: <strong>\u201cpara aquellas personas que\u2026\u201d<\/strong>, refiri\u00e9ndose a <strong>TIPOLOG\u00cdAS MENTALES (que incluyen lo an\u00edmico-emocional y rasgos de car\u00e1cter din\u00e1micos)<\/strong>, que surgen individualmente ante nuevas situaciones.<br><br>M\u00e1s que a <strong>s\u00edntomas aislados o circunstancias puntuales o generales<\/strong>, lo esencial para Bach era <strong>comprender a la persona en su totalidad<\/strong>, desde una visi\u00f3n verdaderamente <strong>Hol\u00edstica<\/strong>.<\/p>\n\n\n\n<p>La <strong>Terapia Floral de Bach<\/strong> es, por tanto, una <strong>terapia individualizada y caracterol\u00f3gica<\/strong>: centrada en la forma \u00fanica en que cada ser humano <strong>piensa, siente, act\u00faa y se vincula con la vida.<\/strong> La Tipolog\u00eda Mental de cada persona es la clave, son los signos y sintomas a observar para indicar las esencias como Bach lo defini\u00f3. <\/p>\n\n\n<div class=\"wp-block-image\">\n<figure class=\"aligncenter size-large is-resized\"><img decoding=\"async\" src=\"https:\/\/www.institutobach.com.ar\/images\/terapia-centrada-en-la-persona.jpg\" alt=\"\" style=\"width:425px;height:auto\"\/><\/figure><\/div>\n\n\n<p>Reconocemos y valoramos la existencia de otros sistemas florales y vibracionales.<br><strong>Como proveedores, ofrecemos una variedad de concentrados de esencias de alta calidad para que cada terapeuta elija con libertad seg\u00fan su propio marco de trabajo.<\/strong><\/p>\n\n\n\n<p>Pero desde la <strong>mirada de Bach pura<\/strong>:<br><em>No se trata de \u201cqu\u00e9 virtud aporta la flor\u201d, sino de \u201cpara qui\u00e9n es la flor\u201d porque seg\u00fan Bach, la virtud interna ya existe en la persona, s\u00f3lo tiene que desarrollarla. <\/em> <\/p>\n\n\n\n<p>#TerapiaFloralDeBach #EsenciasFlorales #EdwardBach #LasFloresParaVos #TerapiaCentradaEnLaPersona #Psicolog\u00edaEmocional #BienestarIntegral #TerapeutaHol\u00edstica<\/p>\n","protected":false},"excerpt":{"rendered":"<p>O sea: \u00a1Las Flores para vos! El Dr. Edward Bach dedic\u00f3 su obra \u201ca todos aquellos que sufren, a los que padecen\u201d, y dise\u00f1\u00f3 su sistema floral poniendo siempre el foco en la persona\u2026 no en la flor. En sus descripciones del uso cl\u00ednico, Bach hablaba de cada flor diciendo: \u201cpara aquellas personas que\u2026\u201d, refiri\u00e9ndose [&hellip;]<\/p>\n","protected":false},"author":2,"featured_media":0,"comment_status":"closed","ping_status":"open","sticky":false,"template":"","format":"standard","meta":{"footnotes":""},"categories":[177,22,36,17,176,6],"tags":[],"_links":{"self":[{"href":"http:\/\/www.institutobach.com.ar\/cursos\/wp-json\/wp\/v2\/posts\/1658"}],"collection":[{"href":"http:\/\/www.institutobach.com.ar\/cursos\/wp-json\/wp\/v2\/posts"}],"about":[{"href":"http:\/\/www.institutobach.com.ar\/cursos\/wp-json\/wp\/v2\/types\/post"}],"author":[{"embeddable":true,"href":"http:\/\/www.institutobach.com.ar\/cursos\/wp-json\/wp\/v2\/users\/2"}],"replies":[{"embeddable":true,"href":"http:\/\/www.institutobach.com.ar\/cursos\/wp-json\/wp\/v2\/comments?post=1658"}],"version-history":[{"count":5,"href":"http:\/\/www.institutobach.com.ar\/cursos\/wp-json\/wp\/v2\/posts\/1658\/revisions"}],"predecessor-version":[{"id":1674,"href":"http:\/\/www.institutobach.com.ar\/cursos\/wp-json\/wp\/v2\/posts\/1658\/revisions\/1674"}],"wp:attachment":[{"href":"http:\/\/www.institutobach.com.ar\/cursos\/wp-json\/wp\/v2\/media?parent=1658"}],"wp:term":[{"taxonomy":"category","embeddable":true,"href":"http:\/\/www.institutobach.com.ar\/cursos\/wp-json\/wp\/v2\/categories?post=1658"},{"taxonomy":"post_tag","embeddable":true,"href":"http:\/\/www.institutobach.com.ar\/cursos\/wp-json\/wp\/v2\/tags?post=1658"}],"curies":[{"name":"wp","href":"https:\/\/api.w.org\/{rel}","templated":true}]}}