{"id":1522,"date":"2024-07-29T00:59:01","date_gmt":"2024-07-29T03:59:01","guid":{"rendered":"https:\/\/www.institutobach.com.ar\/cursos\/?p=1522"},"modified":"2025-03-24T19:28:21","modified_gmt":"2025-03-24T22:28:21","slug":"flores-de-bach-y-doctrina-de-las-signaturas-una-mirada-complementaria","status":"publish","type":"post","link":"http:\/\/www.institutobach.com.ar\/cursos\/informacion\/flores-de-bach-y-doctrina-de-las-signaturas-una-mirada-complementaria\/","title":{"rendered":"Flores de Bach y Doctrina de las Signaturas. Una mirada complementaria"},"content":{"rendered":"\n<figure class=\"wp-block-image size-large\"><a href=\"https:\/\/www.youtube.com\/watch?v=YDPt1RhANEM\" target=\"_blank\" rel=\"noreferrer noopener\"><img decoding=\"async\" src=\"https:\/\/www.institutobach.com.ar\/images\/doctrina-signaturas.jpg\" alt=\"\"\/><\/a><\/figure>\n\n\n\n<p>El terapeuta profesional debe asegurarse adem\u00e1s de la  calidad del producto que utiliza, la manera en que se le asignaron o determinaron los usos propuestos por los actuales sistemas florales de nueva generaci\u00f3n posteriores a Bach.<br>Presentamos aportes desde una mirada amplia y complementaria sobre las diferentes formas de descubrimiento de usos de un producto para su posterior demostraci\u00f3n de efectividad; y de c\u00f3mo se est\u00e1n adjudicando actualmente los usos de las esencias florales posteriormente a la obra de Edward Bach; su v\u00ednculaci\u00f3n con la doctrina de las signaturas, (relacionada actualmente a arquetipos de escuelas de Jung y Antroposof\u00eda de Steiner). Los colores y formas son \u00fatiles para &#8220;ORIENTARNOS&#8221; hacia un uso terap\u00e9utico, aunque por tratarse de interpretaciones no inequ\u00edvocas, que puede entenderse de varios modos o admitir distintas interpretaciones y dependientes de qui\u00e9nes las realizan, no son suficientes como confirmaci\u00f3n o demostraci\u00f3n para aseverar un uso).<br>Audio Tutorial del Instituto Argentino de Flores de Bach \u00ae que como distribuidores de concentrados de Esencias Florales en Argentina, te presentamos la respuesta de N\u00e9stor Brizuela, Farmac\u00e9utico y Home\u00f3pata con experiencia de m\u00e1s de 30 a\u00f1os en servicios de elaboraci\u00f3n de productos homeop\u00e1ticos y florales vibracionales.<br>Nota aclaratoria: En publicaciones oficiales del \u00e1mbito Homeop\u00e1tico (Homeopatic World, febrero de 1930) se puede constatar que en los inicios del desarrollo del sistema, el Dr. Edward Bach dinamiz\u00f3 por trituraci\u00f3n las primeras flores de Impatiens, M\u00edmulus y Clematis, habiendo dejado asentado por escrito en esa publicaci\u00f3n que utilizaba s\u00f3lo las flores (recordar que Bach se bas\u00f3 en observar el roc\u00edo sobre las flores, no en las semillas). Aunque seg\u00fan Nora Weeks, con una tintura de Clematis que hab\u00eda preparado en 1928 a partir de la semillas de esa planta, hab\u00eda obtenido buenos resultados en una variedad de casos en los que los pacientes ten\u00edan una disposici\u00f3n so\u00f1adora y so\u00f1olienta; pero cuando lleg\u00f3 a utilizar el remedio a partir de flores y reci\u00e9n preparado, los resultados fueron cada vez mejores y destruy\u00f3 la potencia preparada de la manera anterior.<br>Este M\u00e9todo homeop\u00e1tico fu\u00e9 el que luego reemplaz\u00f3 por la solarizaci\u00f3n para desarrollar un m\u00e9todo simple para obtener remedios al alcance de todos y basado en la simpleza de su sistema. <\/p>\n\n\n\n<figure class=\"wp-block-embed is-type-video is-provider-youtube wp-block-embed-youtube wp-embed-aspect-4-3 wp-has-aspect-ratio\"><div class=\"wp-block-embed__wrapper\">\n<iframe loading=\"lazy\" title=\"Flores de Bach y Doctrina de las Signaturas. Una mirada complementaria\" width=\"660\" height=\"495\" src=\"https:\/\/www.youtube.com\/embed\/YDPt1RhANEM?feature=oembed\" frameborder=\"0\" allow=\"accelerometer; autoplay; clipboard-write; encrypted-media; gyroscope; picture-in-picture; web-share\" referrerpolicy=\"strict-origin-when-cross-origin\" allowfullscreen><\/iframe>\n<\/div><figcaption class=\"wp-element-caption\">Duraci\u00f3n aprox. 39 minutos<\/figcaption><\/figure>\n","protected":false},"excerpt":{"rendered":"<p>El terapeuta profesional debe asegurarse adem\u00e1s de la calidad del producto que utiliza, la manera en que se le asignaron o determinaron los usos propuestos por los actuales sistemas florales de nueva generaci\u00f3n posteriores a Bach.Presentamos aportes desde una mirada amplia y complementaria sobre las diferentes formas de descubrimiento de usos de un producto para [&hellip;]<\/p>\n","protected":false},"author":2,"featured_media":0,"comment_status":"closed","ping_status":"open","sticky":false,"template":"","format":"standard","meta":{"footnotes":""},"categories":[84,10,6],"tags":[193,190,185,194,192],"_links":{"self":[{"href":"http:\/\/www.institutobach.com.ar\/cursos\/wp-json\/wp\/v2\/posts\/1522"}],"collection":[{"href":"http:\/\/www.institutobach.com.ar\/cursos\/wp-json\/wp\/v2\/posts"}],"about":[{"href":"http:\/\/www.institutobach.com.ar\/cursos\/wp-json\/wp\/v2\/types\/post"}],"author":[{"embeddable":true,"href":"http:\/\/www.institutobach.com.ar\/cursos\/wp-json\/wp\/v2\/users\/2"}],"replies":[{"embeddable":true,"href":"http:\/\/www.institutobach.com.ar\/cursos\/wp-json\/wp\/v2\/comments?post=1522"}],"version-history":[{"count":21,"href":"http:\/\/www.institutobach.com.ar\/cursos\/wp-json\/wp\/v2\/posts\/1522\/revisions"}],"predecessor-version":[{"id":1578,"href":"http:\/\/www.institutobach.com.ar\/cursos\/wp-json\/wp\/v2\/posts\/1522\/revisions\/1578"}],"wp:attachment":[{"href":"http:\/\/www.institutobach.com.ar\/cursos\/wp-json\/wp\/v2\/media?parent=1522"}],"wp:term":[{"taxonomy":"category","embeddable":true,"href":"http:\/\/www.institutobach.com.ar\/cursos\/wp-json\/wp\/v2\/categories?post=1522"},{"taxonomy":"post_tag","embeddable":true,"href":"http:\/\/www.institutobach.com.ar\/cursos\/wp-json\/wp\/v2\/tags?post=1522"}],"curies":[{"name":"wp","href":"https:\/\/api.w.org\/{rel}","templated":true}]}}