{"id":1390,"date":"2021-06-05T22:46:12","date_gmt":"2021-06-06T01:46:12","guid":{"rendered":"http:\/\/www.institutobach.com.ar\/cursos\/?p=1390"},"modified":"2024-11-14T01:20:38","modified_gmt":"2024-11-14T04:20:38","slug":"flores-de-bach-y-energia-vital","status":"publish","type":"post","link":"http:\/\/www.institutobach.com.ar\/cursos\/informacion\/flores-de-bach-y-energia-vital\/","title":{"rendered":"Flores de Bach y Energ\u00eda Vital"},"content":{"rendered":"<p>Te comparto estos conocimientos para tener en cuenta cuando escuch\u00e1s que dicen que las Flores de Bach &#8220;no act\u00faan a niveles profundos&#8221;, o que &#8220;son buenas s\u00f3lamente para estados emocionales y an\u00edmicos&#8221; o &#8220;situaciones generales&#8221;:<\/p>\n<p><img loading=\"lazy\" decoding=\"async\" class=\"alignnone\" src=\"https:\/\/www.institutobach.com.ar\/images\/energia-flores-bach.jpg\" alt=\"Gr\u00e1fico: Las Flores de Bach act\u00faan en el desequilibrio de la energ\u00eda\" width=\"433\" height=\"258\" \/><\/p>\n<p><strong>Uno de los primeros indicios de que algo anda mal, es la presencia de una desarmon\u00eda energ\u00e9tica, una desarmon\u00eda de la Energ\u00eda Vital que es la causa b\u00e1sica y profunda<\/strong>.<\/p>\n<p>Tenemos que leer las se\u00f1ales observables (o &#8220;signos&#8221;) que nos indiquen la presencia de esa desarmon\u00eda.<br \/>\nLa primera se\u00f1al que se puede observar y nos indica de que hay un desequilibrio energ\u00e9tico o desarmon\u00eda, es la presencia de un cambio en el estado mental de la persona (que es un cambio inmaterial), pasando su estado mental de positivo a negativo.<br \/>\nEsto es la gu\u00eda o signo que tenemos como observable. Por ejemplo lo que llamamos egoismo ser\u00eda as\u00ed, un signo de un desequilibrio energ\u00e9tico vital. \u00bfO acaso conoc\u00e9s alg\u00fan egoista energ\u00e9ticamente equilibrado?.<br \/>\nEntonces: Si bien a\u00fan no tenemos herramientas instrumentales para observar ni clasificar de forma precisa la desarmon\u00eda energ\u00e9tica, s\u00ed podemos observar los cambios an\u00edmicos que son reflejo de ese desequilibrio.<\/p>\n<p>Si el estado mental negativo no se corrige y perdura, aparece la segunda se\u00f1al, que es la enfermedad org\u00e1nica con sus s\u00edntomas f\u00edsicos (a nivel corporal) y all\u00ed es donde act\u00faa la medicina ortodoxa, sobre los s\u00edntomas f\u00edsicos ya presentes.<br \/>\nLas Flores de Bach en cambio act\u00faan sobre la desarmon\u00eda energ\u00e9tica <strong>directamente sobre el 1er Nivel Energ\u00e9tico<\/strong> que es el nivel <strong>m\u00e1s profundo<\/strong>. Su acci\u00f3n no es s\u00f3lo o \u00fanicamente sobre el 2do Nivel Emocional como a veces se dice.\u00a0 Las emociones son s\u00f3lo nuestra gu\u00eda (Signos), <strong>una gu\u00eda que nos orienta<\/strong>.<\/p>\n<p><strong>El estado mental y emocional son los signos que nos orientan y gu\u00edan hacia la flor o flores de Bach que corrige ese desequilibrio energ\u00e9tico profundo . . .\u00a0<\/strong><br \/>\n. . . porque act\u00faan de manera energ\u00e9tica ya que tienen\u00a0la impronta del patr\u00f3n energ\u00e9tico-inform\u00e1tico del dinamismo vital de la flor.<\/p>\n<p>Bach nos ense\u00f1a su Filosof\u00eda, que un conflicto entre la mente y el Alma tambi\u00e9n produce un desequilibrio de nuestra Energ\u00eda Vital.<\/p>\n<ul>\n<li>El or\u00edgen profundo es un conflicto entre la mente y el alma.<\/li>\n<li>El estado mental <span style=\"text-decoration: underline;\">es el signo que nos orienta<\/span><\/li>\n<li>Se equilibra de forma energ\u00e9tica con la energ\u00eda de las 38 flores individualizadas en su selecci\u00f3n.<\/li>\n<\/ul>\n<blockquote><p>\u00bfQu\u00e9 dec\u00eda Bach?, . . . ( que observemos la mente como gu\u00eda)<\/p><\/blockquote>\n<p style=\"text-align: center;\">\u00a0***<\/p>\n<p><em>&#8220;La mente, que es la parte mas delicada y sensible del cuerpo, muestra el avance y el curso de la enfermedad con mucha mas precisi\u00f3n que el cuerpo, de modo que observa la mente como gu\u00eda del remedio o remedios necesarios&#8221;<br \/>\n<\/em>(Dr. Edward Bach)<\/p>\n<p>&#8220;<em>Lo que conocemos como enfermedad es la etapa terminal de un desorden mucho m\u00e1s profundo, y para asegurarse de un \u00e9xito completo en el tratamiento, es evidente que tratando s\u00f3lo el resultado final \u00e9ste no ser\u00e1 completamente efectivo hasta que la causa b\u00e1sica sea eliminada.<\/em>&#8221;<br \/>\n(Dr. Edward Bach)<\/p>\n<p style=\"text-align: center;\">***<\/p>\n<p>Despu\u00e9s de tomar conocimiento de estas afirmaciones de Bach, es evidente que \u00e9l desarroll\u00f3 un sistema para que act\u00fae en <span style=\"text-decoration: underline;\">la causa o desorden m\u00e1s profundo:<\/span>\u00a0el plano energ\u00e9tico vital; por lo que afirmar que\u00a0las Flores de Bach &#8220;no act\u00faan a niveles profundos&#8221;, es algo completamente alejado de la verdad y de las intenciones del Maestro y creador del sistema de las Flores de Bach.<\/p>\n<p>Desde el Instituto recordamos que respetando sus ense\u00f1anzas, no se pierde la CONDICION ESENCIAL que es el lazo creado entre el Maestro de la terapia floral (Edward Bach) y los terapeutas seguidores de su obra.<\/p>\n<p style=\"text-align: center;\">.:N\u00e9stor Brizuela:\u00a0Instructor del Instituto &#8211; Farmac\u00e9utico especializado en Homeopat\u00eda y Flores de Bach:.<\/p>\n","protected":false},"excerpt":{"rendered":"<p>Te comparto estos conocimientos para tener en cuenta cuando escuch\u00e1s que dicen que las Flores de Bach &#8220;no act\u00faan a niveles profundos&#8221;, o que &#8220;son buenas s\u00f3lamente para estados emocionales y an\u00edmicos&#8221; o &#8220;situaciones generales&#8221;: Uno de los primeros indicios de que algo anda mal, es la presencia de una desarmon\u00eda energ\u00e9tica, una desarmon\u00eda de [&hellip;]<\/p>\n","protected":false},"author":2,"featured_media":0,"comment_status":"closed","ping_status":"open","sticky":false,"template":"","format":"standard","meta":{"footnotes":""},"categories":[17,176,6],"tags":[],"_links":{"self":[{"href":"http:\/\/www.institutobach.com.ar\/cursos\/wp-json\/wp\/v2\/posts\/1390"}],"collection":[{"href":"http:\/\/www.institutobach.com.ar\/cursos\/wp-json\/wp\/v2\/posts"}],"about":[{"href":"http:\/\/www.institutobach.com.ar\/cursos\/wp-json\/wp\/v2\/types\/post"}],"author":[{"embeddable":true,"href":"http:\/\/www.institutobach.com.ar\/cursos\/wp-json\/wp\/v2\/users\/2"}],"replies":[{"embeddable":true,"href":"http:\/\/www.institutobach.com.ar\/cursos\/wp-json\/wp\/v2\/comments?post=1390"}],"version-history":[{"count":28,"href":"http:\/\/www.institutobach.com.ar\/cursos\/wp-json\/wp\/v2\/posts\/1390\/revisions"}],"predecessor-version":[{"id":1552,"href":"http:\/\/www.institutobach.com.ar\/cursos\/wp-json\/wp\/v2\/posts\/1390\/revisions\/1552"}],"wp:attachment":[{"href":"http:\/\/www.institutobach.com.ar\/cursos\/wp-json\/wp\/v2\/media?parent=1390"}],"wp:term":[{"taxonomy":"category","embeddable":true,"href":"http:\/\/www.institutobach.com.ar\/cursos\/wp-json\/wp\/v2\/categories?post=1390"},{"taxonomy":"post_tag","embeddable":true,"href":"http:\/\/www.institutobach.com.ar\/cursos\/wp-json\/wp\/v2\/tags?post=1390"}],"curies":[{"name":"wp","href":"https:\/\/api.w.org\/{rel}","templated":true}]}}