{"id":1059,"date":"2017-10-22T17:39:49","date_gmt":"2017-10-22T20:39:49","guid":{"rendered":"http:\/\/www.institutobach.com.ar\/cursos\/?p=1059"},"modified":"2017-10-22T17:40:57","modified_gmt":"2017-10-22T20:40:57","slug":"alma-y-personalidad","status":"publish","type":"post","link":"http:\/\/www.institutobach.com.ar\/cursos\/informacion\/alma-y-personalidad\/","title":{"rendered":"Alma y Personalidad"},"content":{"rendered":"<p>Seg\u00fan el Dr. Edward Bach, estamos formados por la combinaci\u00f3n de 3 elementos:<\/p>\n<p>&#8211; Cuerpo<br \/>\n&#8211; Personalidad y<br \/>\n&#8211; Alma<\/p>\n<p style=\"text-align: justify;\">Todos entendemos lo que \u00e9s el cuerpo; y tambi\u00e9n conocemos de la existencia de una medicina que lo trata f\u00edsicamente.<\/p>\n<p style=\"text-align: justify;\">La personalidad es el modo habitual por el cual un individuo piensa, siente, habla, y act\u00faa para satisfacer sus necesidades en el entorno f\u00edsico y social.<\/p>\n<p><img loading=\"lazy\" decoding=\"async\" class=\" aligncenter\" src=\"http:\/\/www.institutobach.com.ar\/images\/flores-personalidades.jpg\" alt=\"Flores y personalidades\" width=\"320\" height=\"280\" \/><\/p>\n<p style=\"text-align: justify;\">El Alma es lo que realmente somos y representa la esencia, el Ser, el fondo m\u00e1s \u00edntimo y m\u00e1s aut\u00e9ntico que gu\u00eda los m\u00e1s altos fines de nuestra existencia.<\/p>\n<p style=\"text-align: justify;\">El Dr. Hahnemann en Homeopat\u00eda nos hablaba del esp\u00edritu dotado de raz\u00f3n para cumplir con los mas altos fines de la existencia&#8221;.<\/p>\n<p style=\"text-align: justify;\">y porque para todo esto se necesita una estructura, un\u00a0 &#8220;terreno&#8221; o veh\u00edculo, ese terreno es el cuerpo y la personalidad<\/p>\n<p style=\"text-align: justify;\">El sistema de Flores de Bach no son &#8220;Flores para curar el Alma&#8221;, el Dr. Bach ya lo dijo: &#8220;nuestras Almas son perfectas&#8221;.<br \/>\nLa t\u00e9cnica consiste en abordar los estados an\u00edmicos y de personalidad, despejando as\u00ed el camino libre para los Mandatos del Alma.<\/p>\n<p style=\"text-align: justify;\">&#8220;Mientras que el Alma y la personalidad est\u00e1n en armon\u00eda, todo es alegr\u00eda y paz, bienestar y salud. El conflicto surge cuando la personalidad se aleja de la v\u00eda trazada por el Alma, ya sea como consecuencia de nuestras propias pasiones o debido a persuasi\u00f3n de los dem\u00e1s. Este conflicto es la causa profunda de la enfermedad y la insatisfacci\u00f3n.<\/p>\n<p>Instituto Argentino de Flores de Bach <span class=\"st\">\u00ae <\/span><\/p>\n","protected":false},"excerpt":{"rendered":"<p>Seg\u00fan el Dr. Edward Bach, estamos formados por la combinaci\u00f3n de 3 elementos: &#8211; Cuerpo &#8211; Personalidad y &#8211; Alma Todos entendemos lo que \u00e9s el cuerpo; y tambi\u00e9n conocemos de la existencia de una medicina que lo trata f\u00edsicamente. La personalidad es el modo habitual por el cual un individuo piensa, siente, habla, y [&hellip;]<\/p>\n","protected":false},"author":2,"featured_media":0,"comment_status":"closed","ping_status":"open","sticky":false,"template":"","format":"standard","meta":{"footnotes":""},"categories":[22,17,6],"tags":[125,126],"_links":{"self":[{"href":"http:\/\/www.institutobach.com.ar\/cursos\/wp-json\/wp\/v2\/posts\/1059"}],"collection":[{"href":"http:\/\/www.institutobach.com.ar\/cursos\/wp-json\/wp\/v2\/posts"}],"about":[{"href":"http:\/\/www.institutobach.com.ar\/cursos\/wp-json\/wp\/v2\/types\/post"}],"author":[{"embeddable":true,"href":"http:\/\/www.institutobach.com.ar\/cursos\/wp-json\/wp\/v2\/users\/2"}],"replies":[{"embeddable":true,"href":"http:\/\/www.institutobach.com.ar\/cursos\/wp-json\/wp\/v2\/comments?post=1059"}],"version-history":[{"count":3,"href":"http:\/\/www.institutobach.com.ar\/cursos\/wp-json\/wp\/v2\/posts\/1059\/revisions"}],"predecessor-version":[{"id":1062,"href":"http:\/\/www.institutobach.com.ar\/cursos\/wp-json\/wp\/v2\/posts\/1059\/revisions\/1062"}],"wp:attachment":[{"href":"http:\/\/www.institutobach.com.ar\/cursos\/wp-json\/wp\/v2\/media?parent=1059"}],"wp:term":[{"taxonomy":"category","embeddable":true,"href":"http:\/\/www.institutobach.com.ar\/cursos\/wp-json\/wp\/v2\/categories?post=1059"},{"taxonomy":"post_tag","embeddable":true,"href":"http:\/\/www.institutobach.com.ar\/cursos\/wp-json\/wp\/v2\/tags?post=1059"}],"curies":[{"name":"wp","href":"https:\/\/api.w.org\/{rel}","templated":true}]}}